{"id":629790,"date":"2025-12-30T11:56:10","date_gmt":"2025-12-30T11:56:10","guid":{"rendered":"https:\/\/www.europesays.com\/fr\/629790\/"},"modified":"2025-12-30T11:56:10","modified_gmt":"2025-12-30T11:56:10","slug":"pourquoi-cette-decouverte-francaise-sur-lhypercholesterolemie-familiale-pourrait-aider-a-reduire-le-risque-davc-jeune","status":"publish","type":"post","link":"https:\/\/www.europesays.com\/fr\/629790\/","title":{"rendered":"Pourquoi cette d\u00e9couverte fran\u00e7aise sur l\u2019hypercholest\u00e9rol\u00e9mie familiale pourrait aider \u00e0 r\u00e9duire le risque d\u2019AVC jeune"},"content":{"rendered":"<p><strong>Imaginez d\u00e9couvrir, lors d&rsquo;un simple bilan sanguin, un taux de cholest\u00e9rol stratosph\u00e9rique\u2026 avant m\u00eame d&rsquo;avoir quarante ans. C&rsquo;est la r\u00e9alit\u00e9 m\u00e9connue de nombreuses familles, directement confront\u00e9es \u00e0 l&rsquo;hypercholest\u00e9rol\u00e9mie familiale. Mais une perc\u00e9e majeure, sign\u00e9e par des chercheurs fran\u00e7ais, pourrait changer la donne : et si, gr\u00e2ce \u00e0 la g\u00e9n\u00e9tique, chaque patient avait enfin un traitement sur-mesure pour \u00e9chapper aux AVC pr\u00e9coces ?<\/strong><\/p>\n<p>Sous le choc du diagnostic : l&rsquo;hypercholest\u00e9rol\u00e9mie familiale, un h\u00e9ritage silencieux<\/p>\n<p>Lorsqu&rsquo;on \u00e9voque l&rsquo;hypercholest\u00e9rol\u00e9mie, beaucoup pensent \u00e0 des exc\u00e8s alimentaires ou \u00e0 l&rsquo;avanc\u00e9e en \u00e2ge. Pourtant, chez certains, le corps tire la sonnette d&rsquo;alarme d\u00e8s l&rsquo;enfance ou l&rsquo;adolescence, avec un cholest\u00e9rol qui s&rsquo;envole sans raison apparente. L&rsquo;hypercholest\u00e9rol\u00e9mie familiale, <strong>maladie g\u00e9n\u00e9tique touchant environ une personne sur 250<\/strong> en France, se r\u00e9v\u00e8le souvent brutalement lors d&rsquo;analyses de routine, laissant familles et m\u00e9decins sous le choc.<\/p>\n<p>Ce trouble, longtemps invisible, agit comme une v\u00e9ritable ombre port\u00e9e sur plusieurs g\u00e9n\u00e9rations. Si un parent est concern\u00e9, le risque de transmettre la maladie \u00e0 ses enfants grimpe en fl\u00e8che : l&rsquo;h\u00e9ritage ne se limite pas \u00e0 la couleur des yeux. C&rsquo;est toute une lign\u00e9e qui se retrouve soudainement expos\u00e9e au danger accru de <a href=\"https:\/\/journaldesseniors.20minutes.fr\/actualite\/automne-vaccination-bronchiolite-ouvre-seniors\/\" target=\"_blank\" rel=\"noopener\">maladies cardiovasculaires<\/a> pr\u00e9coces, parfois d\u00e8s trente ou quarante ans.<\/p>\n<p>La chasse aux mutations : comment la recherche fran\u00e7aise r\u00e9volutionne le d\u00e9pistage<\/p>\n<p>Face \u00e0 ce d\u00e9fi, la recherche hexagonale ne s&rsquo;est pas content\u00e9e du statu quo. Dans plusieurs laboratoires sp\u00e9cialis\u00e9s, des \u00e9quipes se sont engag\u00e9es dans une v\u00e9ritable <strong>\u00ab\u00a0<a href=\"https:\/\/pubmed.ncbi.nlm.nih.gov\/40326712\/\" target=\"_blank\" rel=\"noopener\">chasse aux mutations<\/a>\u00ab\u00a0<\/strong>, s&rsquo;appuyant sur les avanc\u00e9es spectaculaires de l&rsquo;analyse g\u00e9nomique : une immersion fine, presque d\u00e9tectivesque, dans le code h\u00e9r\u00e9ditaire de chaque patient touch\u00e9.<\/p>\n<p>R\u00e9cemment, un cap a \u00e9t\u00e9 franchi : gr\u00e2ce \u00e0 des outils de s\u00e9quen\u00e7age derni\u00e8re g\u00e9n\u00e9ration, des chercheurs fran\u00e7ais ont cartographi\u00e9 non seulement les mutations classiques mais aussi identifi\u00e9 <strong>de nouvelles anomalies g\u00e9n\u00e9tiques<\/strong> responsables de la maladie. Une cartographie in\u00e9dite, qui enrichit la compr\u00e9hension de cette hypercholest\u00e9rol\u00e9mie h\u00e9r\u00e9ditaire et \u00e9claire des pans entiers de la parent\u00e9 auparavant \u00ab\u00a0orphelins\u00a0\u00bb diagnostiques. Ce progr\u00e8s ouvre les portes \u00e0 une <a href=\"https:\/\/journaldesseniors.20minutes.fr\/actualite\/ou-vieillit-on-mieux-europe-pays-champions-sante-longue-duree\/\" target=\"_blank\" rel=\"noopener\">m\u00e9decine plus pr\u00e9cise<\/a>, o\u00f9 chaque cas n&rsquo;est plus noy\u00e9 dans la masse mais analys\u00e9 dans sa sp\u00e9cificit\u00e9.<\/p>\n<p>Le d\u00e9clic th\u00e9rapeutique : comment la g\u00e9n\u00e9tique inspire des traitements sur-mesure<\/p>\n<p>Longtemps, la prise en charge se limitait \u00e0 quelques m\u00e9dicaments standards, sans tenir compte des sp\u00e9cificit\u00e9s individuelles. D\u00e9sormais, l&rsquo;identification pouss\u00e9e des mutations permet de red\u00e9finir la strat\u00e9gie : <strong>fini le \u00ab\u00a0one size fits all\u00a0\u00bb<\/strong>. Selon la mutation concern\u00e9e, l&rsquo;intensit\u00e9 des mesures di\u00e9t\u00e9tiques et le choix des traitements peuvent \u00eatre ajust\u00e9s, rendant la th\u00e9rapie nettement plus efficiente pour chaque patient.<\/p>\n<p>Pionni\u00e8re dans le domaine, la France s&rsquo;est distingu\u00e9e en testant et adaptant des bioth\u00e9rapies ciblant pr\u00e9cis\u00e9ment les m\u00e9canismes g\u00e9n\u00e9tiques identifi\u00e9s. <strong>Inhibiteurs du PCSK9<\/strong>, th\u00e9rapies g\u00e9niques \u00e0 l&rsquo;\u00e9tude, nouvelles mol\u00e9cules : la liste des promesses s&rsquo;allonge, et le spectre des AVC pr\u00e9coces recule progressivement. Pour les familles concern\u00e9es, les ann\u00e9es \u00e0 venir s&rsquo;annoncent, certes, charg\u00e9es d&rsquo;espoir, mais aussi d&rsquo;une vigilance accrue.<\/p>\n<p>Pr\u00e9venir les AVC pr\u00e9coces : changer le destin des familles \u00e0 haut risque<\/p>\n<p>Ce bouleversement scientifique n&rsquo;aurait gu\u00e8re de sens sans une action rapide. Car la cl\u00e9 reste la d\u00e9tection : identifier t\u00f4t, chez tous les proches du patient, ceux qui risquent de d\u00e9velopper la maladie avant que les complications ne surviennent. En France, les campagnes d&rsquo;information et les recommandations de d\u00e9pistage familial se multiplient, insistant sur l&rsquo;int\u00e9r\u00eat vital de <strong>diagnostiquer la maladie d\u00e8s l&rsquo;enfance<\/strong>.<\/p>\n<p>Gr\u00e2ce \u00e0 des programmes de suivi adapt\u00e9s, la menace silencieuse de l&rsquo;AVC ou de l&rsquo;infarctus peut \u00eatre drastiquement repouss\u00e9e. Cela d\u00e9bute par une simple prise de sang, mais se prolonge par un accompagnement personnalis\u00e9 : bilans r\u00e9guliers, <a href=\"https:\/\/journaldesseniors.20minutes.fr\/cuisine\/pourquoi-toujours-faim-apres-mange-certains-aliments-fringales\/\" target=\"_blank\" rel=\"noopener\">conseils di\u00e9t\u00e9tiques<\/a> individualis\u00e9s, soutien moral et, si n\u00e9cessaire, innovations th\u00e9rapeutiques cibl\u00e9es. Autant de leviers pour d\u00e9samorcer cette \u00ab\u00a0bombe \u00e0 retardement\u00a0\u00bb que repr\u00e9sente l&rsquo;hypercholest\u00e9rol\u00e9mie h\u00e9r\u00e9ditaire au sein des familles.<\/p>\n<p> Un mod\u00e8le fran\u00e7ais salu\u00e9 \u00e0 l&rsquo;international<\/p>\n<p>La force du mod\u00e8le fran\u00e7ais r\u00e9side dans une coop\u00e9ration constante entre cliniciens, chercheurs et r\u00e9seaux hospitaliers, tissant un maillage d&rsquo;excellence. Ces alliances, v\u00e9ritables <strong>\u00ab\u00a0colonnes vert\u00e9brales\u00a0\u00bb du progr\u00e8s<\/strong>, ont permis de centraliser les donn\u00e9es g\u00e9n\u00e9tiques, mutualiser l&rsquo;expertise et offrir aux patients une prise en charge parmi les plus avanc\u00e9es d&rsquo;Europe.<\/p>\n<p>En s&rsquo;appuyant sur ces succ\u00e8s, la r\u00e9flexion avance aussi sur un autre front : celui d&rsquo;une <strong>m\u00e9decine pr\u00e9dictive<\/strong>, accessible \u00e0 tous, o\u00f9 l&rsquo;on pr\u00e9vient bien avant d&rsquo;avoir \u00e0 gu\u00e9rir. Inscrire le d\u00e9pistage, la compr\u00e9hension familiale, et les innovations th\u00e9rapeutiques dans le quotidien de chaque Fran\u00e7ais constitue d\u00e9sormais l&rsquo;enjeu principal. Le pari : franchir la porte d&rsquo;une pr\u00e9vention concert\u00e9e et efficace, sans barri\u00e8res sociales ou territoriales.<\/p>\n<p>Ce que cette r\u00e9volution g\u00e9n\u00e9tique change, d\u00e8s demain<\/p>\n<p>D\u00e8s aujourd&rsquo;hui, cette nouvelle cartographie g\u00e9n\u00e9tique permet d&rsquo;<strong>identifier avec une pr\u00e9cision in\u00e9dite les porteurs \u00e0 risque<\/strong>, de personnaliser le parcours th\u00e9rapeutique et d&rsquo;offrir \u00e0 chaque famille des perspectives nettement plus optimistes. Des milliers de Fran\u00e7ais b\u00e9n\u00e9ficient d&rsquo;ores et d\u00e9j\u00e0 d&rsquo;une prise en charge all\u00e9g\u00e9e du fardeau anxiog\u00e8ne de l&rsquo;hypercholest\u00e9rol\u00e9mie h\u00e9r\u00e9ditaire.<\/p>\n<p>Reste \u00e0 d\u00e9mocratiser ces avanc\u00e9es, partout sur le territoire, et \u00e0 accompagner les patients tant sur le plan psychologique que m\u00e9dical. Les d\u00e9fis sont nombreux : formation des professionnels, acc\u00e8s aux innovations, information du grand public. Mais la dynamique engag\u00e9e prouve que la m\u00e9decine de demain, <strong>plus humaine et pr\u00e9ventive<\/strong>, est d\u00e9j\u00e0 en marche sur nos terres.<\/p>\n<p>De la salle d&rsquo;analyse d&rsquo;un laboratoire fran\u00e7ais \u00e0 la table familiale o\u00f9 se partage l&rsquo;inqui\u00e9tude, une r\u00e9volution silencieuse s&rsquo;op\u00e8re. En per\u00e7ant les secrets de l&rsquo;hypercholest\u00e9rol\u00e9mie familiale, la g\u00e9n\u00e9tique offre non seulement une lueur d&rsquo;espoir mais aussi des solutions concr\u00e8tes pour d\u00e9jouer le destin. Voici ce qu&rsquo;il faut surveiller : un taux de cholest\u00e9rol anormalement \u00e9lev\u00e9, m\u00eame jeune, m\u00e9rite d&rsquo;en parler sans attendre \u00e0 son m\u00e9decin. Cette vigilance pourrait permettre \u00e0 votre famille de tourner la page sur ce lourd h\u00e9ritage g\u00e9n\u00e9tique.<\/p>\n","protected":false},"excerpt":{"rendered":"Imaginez d\u00e9couvrir, lors d&rsquo;un simple bilan sanguin, un taux de cholest\u00e9rol stratosph\u00e9rique\u2026 avant m\u00eame d&rsquo;avoir quarante ans. C&rsquo;est&hellip;\n","protected":false},"author":2,"featured_media":629791,"comment_status":"","ping_status":"","sticky":false,"template":"","format":"standard","meta":{"footnotes":""},"categories":[10],"tags":[1011,27,72,56,71],"class_list":{"0":"post-629790","1":"post","2":"type-post","3":"status-publish","4":"format-standard","5":"has-post-thumbnail","7":"category-sante","8":"tag-fr","9":"tag-france","10":"tag-health","11":"tag-push","12":"tag-sante"},"share_on_mastodon":{"url":"https:\/\/pubeurope.com\/@fr\/115808395845028945","error":""},"_links":{"self":[{"href":"https:\/\/www.europesays.com\/fr\/wp-json\/wp\/v2\/posts\/629790","targetHints":{"allow":["GET"]}}],"collection":[{"href":"https:\/\/www.europesays.com\/fr\/wp-json\/wp\/v2\/posts"}],"about":[{"href":"https:\/\/www.europesays.com\/fr\/wp-json\/wp\/v2\/types\/post"}],"author":[{"embeddable":true,"href":"https:\/\/www.europesays.com\/fr\/wp-json\/wp\/v2\/users\/2"}],"replies":[{"embeddable":true,"href":"https:\/\/www.europesays.com\/fr\/wp-json\/wp\/v2\/comments?post=629790"}],"version-history":[{"count":0,"href":"https:\/\/www.europesays.com\/fr\/wp-json\/wp\/v2\/posts\/629790\/revisions"}],"wp:featuredmedia":[{"embeddable":true,"href":"https:\/\/www.europesays.com\/fr\/wp-json\/wp\/v2\/media\/629791"}],"wp:attachment":[{"href":"https:\/\/www.europesays.com\/fr\/wp-json\/wp\/v2\/media?parent=629790"}],"wp:term":[{"taxonomy":"category","embeddable":true,"href":"https:\/\/www.europesays.com\/fr\/wp-json\/wp\/v2\/categories?post=629790"},{"taxonomy":"post_tag","embeddable":true,"href":"https:\/\/www.europesays.com\/fr\/wp-json\/wp\/v2\/tags?post=629790"}],"curies":[{"name":"wp","href":"https:\/\/api.w.org\/{rel}","templated":true}]}}