{"id":629804,"date":"2025-12-30T12:04:12","date_gmt":"2025-12-30T12:04:12","guid":{"rendered":"https:\/\/www.europesays.com\/fr\/629804\/"},"modified":"2025-12-30T12:04:12","modified_gmt":"2025-12-30T12:04:12","slug":"saint-chamond-apres-louverture-de-sa-biscuiterie-un-projet-avec-regis-marcon-sebastien-reocreux-linfatigable-boulanger","status":"publish","type":"post","link":"https:\/\/www.europesays.com\/fr\/629804\/","title":{"rendered":"Saint-Chamond. Apr\u00e8s l\u2019ouverture de sa biscuiterie, un projet avec R\u00e9gis Marcon\u00a0: S\u00e9bastien R\u00e9ocreux, l\u2019infatigable boulanger"},"content":{"rendered":"<p>Il est des artisans dont la passion traverse les ann\u00e9es sans jamais s\u2019\u00e9teindre et pour qui le m\u00e9tier n\u2019est pas seulement un savoir-faire, mais une vocation. S\u00e9bastien R\u00e9ocreux fait partie de ceux-l\u00e0, et ce, depuis un quart de si\u00e8cle.<\/p>\n<p>En effet, il y a 25 ans, il franchissait les portes de sa toute premi\u00e8re boulangerie dans le petit village de Saint-Romain-en-Jarez. Install\u00e9 derri\u00e8re son p\u00e9trin depuis l\u2019\u00e2ge de 18 ans, S\u00e9bastien poursuit son tour des villes de la vall\u00e9e du Gier\u00a0: il s\u2019installe quelques ann\u00e9es \u00e0 Rive-de-Gier puis \u00e0 Saint-Chamond.<\/p>\n<p>\u00ab\u00a0Ce nouvel outil, je l\u2019appelle mon parc d\u2019attractions\u00a0\u00bb<\/p>\n<p>En 2025, il franchit un nouveau cap en ouvrant <a href=\"https:\/\/www.leprogres.fr\/economie\/2025\/04\/22\/une-site-de-production-xxl-et-une-biscuiterie-ce-boulanger-qui-reve-en-grand\" target=\"_blank\" rel=\"noopener\">sa propre biscuiterie et son site de production<\/a>. Un projet qui lui tenait \u00e0 c\u0153ur depuis longtemps et qui r\u00e9unit toutes les valeurs qu\u2019il porte depuis ses d\u00e9buts\u00a0: le go\u00fbt, la tradition et le plaisir du partage. La biscuiterie des M\u00e2trus, c\u2019est un laboratoire de 600\u00a0m\u00b2 avec boutique.<\/p>\n<p>\u00ab\u00a0C\u2019est une v\u00e9ritable \u00e9tape&#8230;<\/p>\n","protected":false},"excerpt":{"rendered":"Il est des artisans dont la passion traverse les ann\u00e9es sans jamais s\u2019\u00e9teindre et pour qui le m\u00e9tier&hellip;\n","protected":false},"author":2,"featured_media":629805,"comment_status":"","ping_status":"","sticky":false,"template":"","format":"standard","meta":{"footnotes":""},"categories":[9653],"tags":[1111,11,1477,2430,33,7539,1777,674,1011,27,12,25,9669,9670,4001],"class_list":{"0":"post-629804","1":"post","2":"type-post","3":"status-publish","4":"format-standard","5":"has-post-thumbnail","7":"category-saint-etienne","8":"tag-actu","9":"tag-actualites","10":"tag-artisanat","11":"tag-auvergne-rhone-alpes","12":"tag-economie","13":"tag-edition-loire-sud","14":"tag-eu","15":"tag-europe","16":"tag-fr","17":"tag-france","18":"tag-news","19":"tag-republique-francaise","20":"tag-saint-chamond","21":"tag-saint-chamond-ville","22":"tag-saint-etienne"},"share_on_mastodon":{"url":"https:\/\/pubeurope.com\/@fr\/115808427350846798","error":""},"_links":{"self":[{"href":"https:\/\/www.europesays.com\/fr\/wp-json\/wp\/v2\/posts\/629804","targetHints":{"allow":["GET"]}}],"collection":[{"href":"https:\/\/www.europesays.com\/fr\/wp-json\/wp\/v2\/posts"}],"about":[{"href":"https:\/\/www.europesays.com\/fr\/wp-json\/wp\/v2\/types\/post"}],"author":[{"embeddable":true,"href":"https:\/\/www.europesays.com\/fr\/wp-json\/wp\/v2\/users\/2"}],"replies":[{"embeddable":true,"href":"https:\/\/www.europesays.com\/fr\/wp-json\/wp\/v2\/comments?post=629804"}],"version-history":[{"count":0,"href":"https:\/\/www.europesays.com\/fr\/wp-json\/wp\/v2\/posts\/629804\/revisions"}],"wp:featuredmedia":[{"embeddable":true,"href":"https:\/\/www.europesays.com\/fr\/wp-json\/wp\/v2\/media\/629805"}],"wp:attachment":[{"href":"https:\/\/www.europesays.com\/fr\/wp-json\/wp\/v2\/media?parent=629804"}],"wp:term":[{"taxonomy":"category","embeddable":true,"href":"https:\/\/www.europesays.com\/fr\/wp-json\/wp\/v2\/categories?post=629804"},{"taxonomy":"post_tag","embeddable":true,"href":"https:\/\/www.europesays.com\/fr\/wp-json\/wp\/v2\/tags?post=629804"}],"curies":[{"name":"wp","href":"https:\/\/api.w.org\/{rel}","templated":true}]}}