{"id":629817,"date":"2025-12-30T12:11:10","date_gmt":"2025-12-30T12:11:10","guid":{"rendered":"https:\/\/www.europesays.com\/fr\/629817\/"},"modified":"2025-12-30T12:11:10","modified_gmt":"2025-12-30T12:11:10","slug":"developpee-a-montpellier-la-biopsie-liquide-mise-en-valeur-a-paris-dans-le-cadre-des-nouveaux-traitements-en-matiere-de-sante","status":"publish","type":"post","link":"https:\/\/www.europesays.com\/fr\/629817\/","title":{"rendered":"D\u00e9velopp\u00e9e \u00e0 Montpellier, la biopsie liquide mise en valeur \u00e0 Paris dans le cadre des nouveaux traitements en mati\u00e8re de sant\u00e9"},"content":{"rendered":"<p>\n                                                                La biopsie liquide, d\u00e9velopp\u00e9e au CHU de Montpellier par\u00a0Catherine Alix-Panabi\u00e8res, repr\u00e9sente un enjeu majeur pour l\u2019avenir en mati\u00e8re de biologie m\u00e9dicale.\n                            <\/p>\n<p>Les innovations et \u00e9volutions en biologie m\u00e9dicale dans les dix prochaines ann\u00e9es. C\u2019\u00e9tait le th\u00e8me d\u2019une conf\u00e9rence organis\u00e9e \u00e0 Paris, \u00e0 laquelle a particip\u00e9 la chercheuse montpelli\u00e9raine Catherine Alix-Panabi\u00e8res.<\/p>\n<p>L\u2019occasion de croiser les regards et d\u2019imaginer ensemble l\u2019avenir autour du diagnostic, du parcours de soins et de l\u2019innovation. \u00ab\u00a0Nous avons explor\u00e9 la mani\u00e8re dont les nouvelles technologies permettent de mieux d\u00e9tecter, surveiller et adapter le traitement des cancers\u00a0\u00bb, explique la canc\u00e9rologue du CHU de Montpellier, membre de l\u2019Acad\u00e9mie nationale de m\u00e9decine.<\/p>\n<p>Elle a anim\u00e9 une masterclass sur la biopsie liquide. \u00c0 partir d\u2019un simple pr\u00e9l\u00e8vement sanguin, celle-ci permet de d\u00e9tecter dans le sang des cellules tumorales circulantes ou des fragments d\u2019ADN tumoral mais aussi d\u2019\u00e9valuer le\u00a0syst\u00e8me immunitaire du patient.<\/p>\n<p>Mieux d\u00e9tecter les r\u00e9cidives<\/p>\n<p>Elle ouvre la voie \u00e0 un\u00a0diagnostic plus pr\u00e9coce des\u00a0cancers, au suivi en temps r\u00e9el de l\u2019efficacit\u00e9 des traitements, et \u00e0 la d\u00e9tection des\u00a0r\u00e9cidives bien avant l\u2019apparition de sympt\u00f4mes cliniques.<\/p>\n<p>Pour les patients, cela signifie des traitements mieux adapt\u00e9s, moins invasifs et potentiellement plus efficaces.<br \/>Et pour les m\u00e9decins, c\u2019est un outil pr\u00e9cieux pour orienter rapidement les d\u00e9cisions th\u00e9rapeutiques<\/p>\n","protected":false},"excerpt":{"rendered":"La biopsie liquide, d\u00e9velopp\u00e9e au CHU de Montpellier par\u00a0Catherine Alix-Panabi\u00e8res, repr\u00e9sente un enjeu majeur pour l\u2019avenir en mati\u00e8re&hellip;\n","protected":false},"author":2,"featured_media":629818,"comment_status":"","ping_status":"","sticky":false,"template":"","format":"standard","meta":{"footnotes":""},"categories":[9599],"tags":[1111,11,1777,674,1011,27,7089,2208,12,2680,25,8755],"class_list":{"0":"post-629817","1":"post","2":"type-post","3":"status-publish","4":"format-standard","5":"has-post-thumbnail","7":"category-montpellier","8":"tag-actu","9":"tag-actualites","10":"tag-eu","11":"tag-europe","12":"tag-fr","13":"tag-france","14":"tag-herault","15":"tag-montpellier","16":"tag-news","17":"tag-occitanie","18":"tag-republique-francaise","19":"tag-santu00e9"},"share_on_mastodon":{"url":"https:\/\/pubeurope.com\/@fr\/115808454901613253","error":""},"_links":{"self":[{"href":"https:\/\/www.europesays.com\/fr\/wp-json\/wp\/v2\/posts\/629817","targetHints":{"allow":["GET"]}}],"collection":[{"href":"https:\/\/www.europesays.com\/fr\/wp-json\/wp\/v2\/posts"}],"about":[{"href":"https:\/\/www.europesays.com\/fr\/wp-json\/wp\/v2\/types\/post"}],"author":[{"embeddable":true,"href":"https:\/\/www.europesays.com\/fr\/wp-json\/wp\/v2\/users\/2"}],"replies":[{"embeddable":true,"href":"https:\/\/www.europesays.com\/fr\/wp-json\/wp\/v2\/comments?post=629817"}],"version-history":[{"count":0,"href":"https:\/\/www.europesays.com\/fr\/wp-json\/wp\/v2\/posts\/629817\/revisions"}],"wp:featuredmedia":[{"embeddable":true,"href":"https:\/\/www.europesays.com\/fr\/wp-json\/wp\/v2\/media\/629818"}],"wp:attachment":[{"href":"https:\/\/www.europesays.com\/fr\/wp-json\/wp\/v2\/media?parent=629817"}],"wp:term":[{"taxonomy":"category","embeddable":true,"href":"https:\/\/www.europesays.com\/fr\/wp-json\/wp\/v2\/categories?post=629817"},{"taxonomy":"post_tag","embeddable":true,"href":"https:\/\/www.europesays.com\/fr\/wp-json\/wp\/v2\/tags?post=629817"}],"curies":[{"name":"wp","href":"https:\/\/api.w.org\/{rel}","templated":true}]}}