{"id":62982,"date":"2025-04-29T23:30:10","date_gmt":"2025-04-29T23:30:10","guid":{"rendered":"https:\/\/www.europesays.com\/fr\/62982\/"},"modified":"2025-04-29T23:30:10","modified_gmt":"2025-04-29T23:30:10","slug":"a-la-reunion-inquietude-et-defiance-apres-un-deces-lie-au-vaccin-contre-le-chikungunya-actualites","status":"publish","type":"post","link":"https:\/\/www.europesays.com\/fr\/62982\/","title":{"rendered":"A La R\u00e9union, inqui\u00e9tude et d\u00e9fiance apr\u00e8s un d\u00e9c\u00e8s li\u00e9 au vaccin contre le chikungunya : Actualit\u00e9s"},"content":{"rendered":"<p class=\"lead \">\u00ab\u00a0L\u00e0 franchement, j&rsquo;ai peur. J&rsquo;ai vraiment le sentiment que je peux faire un arr\u00eat cardiaque \u00e0 tout moment\u00a0\u00bb. <\/p>\n<p class=\"lead \">Comme Andr\u00e9, 71 ans, vaccin\u00e9 contre le chikungunya, nombre de R\u00e9unionnais expriment leur inqui\u00e9tude apr\u00e8s l&rsquo;annonce d&rsquo;un d\u00e9c\u00e8s li\u00e9 \u00e0 la vaccination.<\/p>\n<p class=\"lead \">Depuis dimanche, Andr\u00e9, qui ne veut pas donner son nom \u00ab\u00a0pour ne pas inqui\u00e9ter\u00a0\u00bb ses enfants qui ne voulaient pas qu&rsquo;il se fasse vacciner, se livre \u00e0 un rituel matinal.<\/p>\n<p class=\"lead \">Cet ouvrier du b\u00e2timent \u00e0 la retraite \u00e0 Saint-Denis se l\u00e8ve le plus doucement possible de son lit pour \u00eatre s\u00fbr de ne pas avoir de vertige. <\/p>\n<p class=\"lead \"> Souffrant de diab\u00e8te depuis plusieurs ann\u00e9es, il a \u00e9t\u00e9 vaccin\u00e9 contre le chikungunya. <\/p>\n<p class=\"lead \">Mais l&rsquo;annonce samedi par les autorit\u00e9s sanitaires de la mort li\u00e9e au vaccin d&rsquo;une personne de 80 ans l&rsquo;a choqu\u00e9.<\/p>\n<p class=\"lead \">Samedi, la Haute autorit\u00e9 de sant\u00e9 (HAS) a aussi ordonn\u00e9 le retrait des personnes de 65 ans et plus de la campagne de vaccination avec le vaccin Ixchiq, du laboratoire franco-autrichien Valneva, \u00e0 Mayotte et La R\u00e9union. La France en a acquis 100.000 doses.<\/p>\n<p class=\"lead \">&#8211; \u00ab\u00a0Immunit\u00e9 collective\u00a0\u00bb &#8211;<\/p>\n<p class=\"lead \">Selon les chiffres annonc\u00e9s le 22 avril \u00e0 Emmanuel Macron en visite sur l&rsquo;\u00eele, par G\u00e9rard Cotellon, directeur de l&rsquo;Agence r\u00e9gionale de sant\u00e9 (ARS), Andr\u00e9 fait partie des quelque 3.000 personnes d\u00e9j\u00e0 vaccin\u00e9es \u00e0 La R\u00e9union.<\/p>\n<p class=\"lead \">Lanc\u00e9e le 7 avril par le ministre des Outre-mer, Manuel Valls, la campagne de vaccination \u00ab\u00a0d\u00e9marre timidement\u00a0\u00bb, avait alors indiqu\u00e9 le directeur de l&rsquo;ARS au chef de l&rsquo;Etat.<\/p>\n<p class=\"lead \">\u00ab\u00a0Encore heureux que les gens ne se soient pas pr\u00e9cipit\u00e9s, on aurait pu avoir beaucoup de morts\u00a0\u00bb, s&#8217;emporte Henri Clain, 69 ans, commercial \u00e0 la retraite \u00e0 Saint-Beno\u00eet (est de La R\u00e9union).<\/p>\n<p class=\"lead \">\u00ab\u00a0Je ne sais pas pourquoi ils n&rsquo;ont tout simplement pas arr\u00eat\u00e9 la campagne de vaccination\u00a0\u00bb, s&rsquo;agace-t-il.<\/p>\n<p class=\"lead \">Interrog\u00e9 samedi sur R\u00e9union La 1\u00e8re, le patron de l&rsquo;ARS a soulign\u00e9 que l&rsquo;arr\u00eat de la campagne de vaccination (pour les 18\u201364 ans avec comorbidit\u00e9s) n&rsquo;\u00e9tait \u00ab\u00a0pas envisag\u00e9\u00a0\u00bb, le vaccin pouvant \u00ab\u00a0amener \u00e0 une immunit\u00e9 collective\u00a0\u00bb.<\/p>\n<p class=\"lead \">Le directeur g\u00e9n\u00e9ral de la Sant\u00e9, le Dr Gr\u00e9gory Emery, a lui estim\u00e9 dimanche que la campagne n&rsquo;avait pas \u00e9t\u00e9 lanc\u00e9e trop rapidement, \u00ab\u00a0toutes les \u00e9tapes\u00a0\u00bb de contr\u00f4le ayant \u00e9t\u00e9 \u00ab\u00a0respect\u00e9es\u00a0\u00bb.<\/p>\n<p class=\"lead \">Mais l&rsquo;argument ne convainc pas tout le monde sur l&rsquo;\u00eele o\u00f9 vivent plus de 885.000 personnes.<\/p>\n<p class=\"lead \">&#8211; \u00ab\u00a0Cobayes\u00a0\u00bb &#8211;<\/p>\n<p class=\"lead \">\u00ab\u00a0J&rsquo;ai le sentiment que nous sommes pris pour des cobayes, cette affaire va encore diminuer la cr\u00e9dibilit\u00e9 des autorit\u00e9s sanitaires aux yeux de la population\u00a0\u00bb, estime ainsi Henri Clain.<\/p>\n<p class=\"lead \">\u00ab\u00a0Pour ma part, je trouve que la r\u00e9action des autorit\u00e9s sanitaires est plut\u00f4t rassurante, tout a \u00e9t\u00e9 fait en transparence\u00a0\u00bb temp\u00e8re Alix, une m\u00e8re de famille de 36 ans, qui ne souhaite pas donner son nom.<\/p>\n<p class=\"lead \">\u00ab\u00a0Ils ont \u00e9t\u00e9 tr\u00e8s r\u00e9actifs d\u00e8s qu&rsquo;il a \u00e9t\u00e9 \u00e9tabli qu&rsquo;il y avait un danger pour les personnes de plus de 65 ans\u00a0\u00bb, souligne-t-elle encore.<\/p>\n<p class=\"lead \">Le trois \u00ab\u00a0\u00e9v\u00e9nements ind\u00e9sirables graves dont un d\u00e9c\u00e8s\u00a0\u00bb li\u00e9s au vaccin \u00ab\u00a0ont \u00e9t\u00e9 signal\u00e9s \u00e0 partir du 21 avril. Nous sommes le 26 et il y a eu une recommandation de la Haute autorit\u00e9 de sant\u00e9\u00a0\u00bb, d\u00e9fend le directeur de l&rsquo;ARS.<\/p>\n<p class=\"lead \">Philippe Besset, pr\u00e9sident de la F\u00e9d\u00e9ration des syndicats pharmaceutiques de France (FSPF), a de son c\u00f4t\u00e9 estim\u00e9 dimanche sur France Info que, \u00ab\u00a0le temps de l&rsquo;investigation, (il serait) plus tranquille si on suspendait totalement la vaccination\u00a0\u00bb.<\/p>\n<p class=\"lead \">D\u00e8s l&rsquo;annonce du d\u00e9c\u00e8s, la s\u00e9natrice Audrey B\u00e9lim (PS) a demand\u00e9 la mise en place d&rsquo;une commission d&rsquo;enqu\u00eate parlementaire pour \u00ab\u00a0faire la lumi\u00e8re sur les raisons de la grave erreur portant sur la vaccination des plus de 65 ans\u00a0\u00bb.<\/p>\n<p class=\"lead \">Le d\u00e9put\u00e9 LFI Jean-Hugues Ratenon a lui r\u00e9clam\u00e9 la suspension imm\u00e9diate de la campagne vaccinale.<\/p>\n<p class=\"lead \">Pr\u00e8s de 120.000 personnes ont \u00e9t\u00e9 contamin\u00e9es par le virus, transmis par le moustique tigre, depuis le d\u00e9but de l&rsquo;ann\u00e9e, selon les estimations de l&rsquo;ARS.<\/p>\n<p class=\"lead \">Neuf d\u00e9c\u00e8s de personnes de plus 70 ans porteuses de comorbidit\u00e9s ont \u00e9t\u00e9 enregistr\u00e9s par Sant\u00e9 publique France. Neuf autres d\u00e9c\u00e8s, dont celui d&rsquo;un nourrisson, sont en cours d\u2019investigation.<\/p>\n<p class=\"small font-weight-bold text-gray3 \"> publi\u00e9 le 29 avril \u00e0 14h44, AFP<\/p>\n<p>                             Partager<\/p>\n","protected":false},"excerpt":{"rendered":"\u00ab\u00a0L\u00e0 franchement, j&rsquo;ai peur. J&rsquo;ai vraiment le sentiment que je peux faire un arr\u00eat cardiaque \u00e0 tout moment\u00a0\u00bb.&hellip;\n","protected":false},"author":2,"featured_media":62983,"comment_status":"","ping_status":"","sticky":false,"template":"","format":"standard","meta":{"footnotes":""},"categories":[10],"tags":[4009,1011,27,72,693,4166,15299,5337,585,71,4008],"class_list":{"0":"post-62982","1":"post","2":"type-post","3":"status-publish","4":"format-standard","5":"has-post-thumbnail","7":"category-sante","8":"tag-pidmie","9":"tag-fr","10":"tag-france","11":"tag-health","12":"tag-industrie","13":"tag-outre-mer","14":"tag-pharmacie","15":"tag-runion","16":"tag-sant","17":"tag-sante","18":"tag-vaccins"},"share_on_mastodon":{"url":"https:\/\/pubeurope.com\/@fr\/114423858716736164","error":""},"_links":{"self":[{"href":"https:\/\/www.europesays.com\/fr\/wp-json\/wp\/v2\/posts\/62982","targetHints":{"allow":["GET"]}}],"collection":[{"href":"https:\/\/www.europesays.com\/fr\/wp-json\/wp\/v2\/posts"}],"about":[{"href":"https:\/\/www.europesays.com\/fr\/wp-json\/wp\/v2\/types\/post"}],"author":[{"embeddable":true,"href":"https:\/\/www.europesays.com\/fr\/wp-json\/wp\/v2\/users\/2"}],"replies":[{"embeddable":true,"href":"https:\/\/www.europesays.com\/fr\/wp-json\/wp\/v2\/comments?post=62982"}],"version-history":[{"count":0,"href":"https:\/\/www.europesays.com\/fr\/wp-json\/wp\/v2\/posts\/62982\/revisions"}],"wp:featuredmedia":[{"embeddable":true,"href":"https:\/\/www.europesays.com\/fr\/wp-json\/wp\/v2\/media\/62983"}],"wp:attachment":[{"href":"https:\/\/www.europesays.com\/fr\/wp-json\/wp\/v2\/media?parent=62982"}],"wp:term":[{"taxonomy":"category","embeddable":true,"href":"https:\/\/www.europesays.com\/fr\/wp-json\/wp\/v2\/categories?post=62982"},{"taxonomy":"post_tag","embeddable":true,"href":"https:\/\/www.europesays.com\/fr\/wp-json\/wp\/v2\/tags?post=62982"}],"curies":[{"name":"wp","href":"https:\/\/api.w.org\/{rel}","templated":true}]}}