{"id":629825,"date":"2025-12-30T12:23:18","date_gmt":"2025-12-30T12:23:18","guid":{"rendered":"https:\/\/www.europesays.com\/fr\/629825\/"},"modified":"2025-12-30T12:23:18","modified_gmt":"2025-12-30T12:23:18","slug":"illustration-a-rennes-luc-monnerais-une-ame-de-peintre-un-trait-de-dessinateur","status":"publish","type":"post","link":"https:\/\/www.europesays.com\/fr\/629825\/","title":{"rendered":"Illustration \u00e0 Rennes. Luc Monnerais, une \u00e2me de peintre, un trait de dessinateur"},"content":{"rendered":"<p>            <a href=\"https:\/\/unidivers.fr\/wp-content\/uploads\/2026\/12\/louise-de-bettignies-luc-monnerais.jpg\" data-caption=\"Espionne dans le Grande Guerre, Louise de Bettignies au travail \" target=\"_blank\" rel=\"noopener\"><img decoding=\"async\" fetchpriority=\"high\" width=\"696\" height=\"513\" class=\"entry-thumb td-modal-image\" src=\"https:\/\/www.europesays.com\/fr\/wp-content\/uploads\/2025\/12\/louise-de-bettignies-luc-monnerais-696x513.jpg\"   alt=\"luc monnerais\" title=\"Louise de bettignies luc monnerais\" data-eio=\"p\"\/><\/a>Espionne dans le Grande Guerre, Louise de Bettignies au travail <\/p>\n<p>Dans le roman graphique <strong>Espionne<\/strong> <strong>dans la Grande Guerre, Louise de Bettignies 1880 \u2013<\/strong><strong>1918<\/strong>, publi\u00e9 aux <strong>\u00e9ditions Locus Solus<\/strong>, l\u2019auteure <strong>Liza Kerivel<\/strong> et l\u2019illustrateur <strong>Luc Monnerais<\/strong> font revivre celle que l\u2019on surnomme \u00ab\u00a0La Jeanne d\u2019art du Nord\u00a0\u00bb. Le travail du Rennais est teint\u00e9 d\u2019une couleur qui sublime un dessin en noir et blanc profond, riche en d\u00e9tails. <\/p>\n<p>Quand on lui demande quel \u00e9l\u00e9ment est \u00e0 l\u2019origine de sa carri\u00e8re d\u2019illustrateur, <strong>Luc Monnerais<\/strong> avoue r\u00e9pondre syst\u00e9matiquement la m\u00eame chose : \u00ab Je n\u2019ai pas de souvenir de moi qui ne dessine pas \u00bb. Apr\u00e8s des \u00e9tudes \u00e0 l\u2019Universit\u00e9 Rennes 2, il travaille de longues ann\u00e9es dans le monde de l\u2019entreprise comme styliste, maquettiste et designer. Mais sa passion de la peinture et de l\u2019illustration conduit cette \u00e2me de peintre, d\u00e8s 2012, dans le monde artistique et celui de l\u2019\u00e9dition. <\/p>\n<p><img fetchpriority=\"high\" decoding=\"async\" width=\"1440\" height=\"1079\" src=\"https:\/\/www.europesays.com\/fr\/wp-content\/uploads\/2025\/12\/luc-monnerais-2.jpg\" alt=\"\" class=\"wp-image-3549023\"   data-eio=\"p\"\/><\/p>\n<p>Dans les d\u00e9tails d\u2019une illustration de Luc Monnerais <\/p>\n<p>Luc entre dans l\u2019univers de la bande dessin\u00e9e par hasard, par sa rencontre avec l\u2019auteur <strong>Olivier Keraval<\/strong> et la parution de <strong>Danse Macabre<\/strong> (2012). Si son style \u00e9tait d\u00e9j\u00e0 d\u00e9fini \u2013 un dessin traditionnel fourni attach\u00e9 aux d\u00e9tails et aux sc\u00e8nes d\u2019ambiance \u2013 cette premi\u00e8re collaboration le conduit \u00e0 explorer une technique du noir et blanc, pour r\u00e9pondre aux codes du polar, qu\u2019il a depuis fait sien. \u00ab Je travaille essentiellement sur des grands formats : du format raisin pour la bande dessin\u00e9e et parfois plus grand pour les illustrations \u00bb, souligne-t-il. \u00ab J\u2019emploie un crayon gras entre le pastel et le fusain. Il a la particularit\u00e9 de devoir souvent \u00eatre taill\u00e9 si on veut faire des d\u00e9tails, ce qui explique pourquoi je ne travaille pas plus petit. \u00bb <\/p>\n<blockquote class=\"wp-block-quote is-layout-flow wp-block-quote-is-layout-flow\">\n<p class=\"has-text-align-center\">\u00ab J\u2019aime le papier, le grain et la facture de l\u2019image qu\u2019il permet, et faire des exp\u00e9riences.\u00a0\u00bb<\/p>\n<p><img loading=\"lazy\" decoding=\"async\" width=\"1440\" height=\"1064\" src=\"https:\/\/www.europesays.com\/fr\/wp-content\/uploads\/2025\/12\/dans-la-peau-du-bourreau-luc-monnerais-1.jpg\" alt=\"luc monnerais\" class=\"wp-image-3549020\"   data-eio=\"p\"\/>Dans la peau d\u2019un bourreau, Proc\u00e8s de Violette Nozi\u00e8re\n<\/p><\/blockquote>\n<p>Luc Monnerais joue avec les diff\u00e9rentes duret\u00e9s des crayons gris pour composer des images aux contrastes saisissants. \u00ab Ce n\u2019\u00e9tait pas suffisant donc j\u2019ai commenc\u00e9 \u00e0 utiliser ce fameux crayon noir \u00e0 partir de ce moment-l\u00e0. \u00bb Cette technique l\u2019a ensuite accompagn\u00e9e dans sa rencontre avec <a href=\"https:\/\/unidivers.fr\/plouhinec-helene-jegado\/\" target=\"_blank\" rel=\"noreferrer noopener\">H\u00e9l\u00e8ne Jegado<\/a>, personnage principal de la BD<strong> Arsenic<\/strong> (2017), toujours en collaboration avec Keraval. \u00ab La J\u00e9gado a v\u00e9cu au XIXe si\u00e8cle, je voulais trouver les ambiances qui traduisent cette \u00e9poque et ce crayon correspondait tr\u00e8s bien. \u00bb <\/p>\n<p>La couleur est venue par la suite, avec le livre illustr\u00e9 <strong>Dans la peau du bourreau<\/strong> (2022), histoire pour laquelle il utilise des papiers teint\u00e9s. Il explique le processus : \u00ab Une fois pos\u00e9 sur le papier teint\u00e9, le noir est fix\u00e9 puis je rajoute quelques teintes et du rehaut de blanc \u00e0 la peinture acrylique ou au Posca pour travailler la lumi\u00e8re et les volumes\u00a0\u00bb. Dans <strong>Espionne dans la Grande Guerre<\/strong>, la technique reste la m\u00eame, mais le travail de la couleur : pour certaines illustrations, diff\u00e9rents papiers color\u00e9s construisent l\u2019image \u00e0 la fa\u00e7on d\u2019un puzzle.<\/p>\n<p><img loading=\"lazy\" decoding=\"async\" width=\"1279\" height=\"1440\" src=\"https:\/\/www.europesays.com\/fr\/wp-content\/uploads\/2025\/12\/dans-la-peau-du-bourreau-luc-monnerais.jpg\" alt=\"luc monnerais\" class=\"wp-image-3549019\"   data-eio=\"p\"\/>Dans la peau du bourreau, Anatole d\u00e9couvre la r\u00e9alit\u00e9 du m\u00e9tier de son p\u00e8re  <\/p>\n<p>Un dessin ancr\u00e9 dans la petite Histoire <\/p>\n<p>Au fil des publications, son travail r\u00e9v\u00e8le un attrait pour l\u2019histoire, du moins les faits r\u00e9els : Arsenic raconte l\u2019histoire d\u2019H\u00e9l\u00e8ne J\u00e9gado, c\u00e9l\u00e8bre tueuse en s\u00e9rie bretonnes et Dans la peau du bourreau s\u2019inspire des carnets d\u2019ex\u00e9cutions \u00e9crits de la main d\u2019Anatole Deibler, bourreau fran\u00e7ais le plus c\u00e9l\u00e8bre aux 395 ex\u00e9cutions \u00ab [Olivier] Keraval a une passion pour l\u2019histoire. Dans macabre est un polar fictif, mais il s\u2019int\u00e9ressait \u00e0 une forme de r\u00e9alisme et pr\u00eatait beaucoup d\u2019attention aux d\u00e9tails.\u00a0\u00bb L\u00e0 o\u00f9 le sc\u00e9nariste ou l\u2019\u00e9crivain m\u00e8ne des recherches sur des archives et des livres, Monnerais, lui, en m\u00e8ne une iconographique : il pioche dans les gravures, photographies, peintures et dessins de presse d\u2019\u00e9poque. \u00ab Toutes ces images traduisent des \u00e9poques et des ambiances. \u00bb<\/p>\n<blockquote class=\"wp-block-quote alignleft is-layout-flow wp-block-quote-is-layout-flow\">\n<p>\u00ab Ce sont les ambiances que j\u2019aime poser \u00e0 travers l\u2019\u00e9poque, pour que le dessin soit cr\u00e9dible. \u00bb<\/p>\n<\/blockquote>\n<p>Si son dessin est ancr\u00e9 dans l\u2019histoire, le dessinateur garde tout de m\u00eame la libert\u00e9 de laisser parler son imagination : elle se trouve dans ses choix de sc\u00e8nes, de plans, de cadres, mais aussi dans l\u2019attitude des personnages et dans le choix des couleurs. \u00ab C\u2019est important dans la bande dessin\u00e9e, mais une sc\u00e8ne se construit en plusieurs planches alors que dans une illustration, on concentre les \u00e9l\u00e9ments pour traduire ce que l\u2019on doit traduire.\u00a0\u00bb<\/p>\n<p><img loading=\"lazy\" decoding=\"async\" width=\"1440\" height=\"961\" src=\"https:\/\/www.europesays.com\/fr\/wp-content\/uploads\/2025\/12\/louise-de-bettignies-luc-monnerais-1.jpg\" alt=\"luc monnerais\" class=\"wp-image-3549021\"   data-eio=\"p\"\/>Espionne dans le Grande Guerre, Louise de Bettignies. Gare de Lille <\/p>\n<p>Espionne dans la Grande Guerre, Louise de Bettignies <\/p>\n<p>Une portrait couleur glac\u00e9e \u00e0 la chevelure volumineuse et aux traits sculpturaux, des soldats pour repr\u00e9senter la guerre 14-18 et un \u00e9chiquier pour traduire la notion d\u2019espionnage forment la couverture de l\u2019opus r\u00e9cemment publi\u00e9. Grande r\u00e9sistante durant la Premi\u00e8re Guerre mondiale, <strong>Louise de Bettignies<\/strong> fait partie des personnes historiques que l\u2019on a envie de faire conna\u00eetre : issue d\u2019une famille bourgeoise, elle avait pour projet de rentrer dans les ordres et ne se destinait pas \u00e0 ce chemin de vie. \u00ab C\u2019est un personnage hors norme\u00a0qui se fait embarquer par l\u2019Histoire \u00bb, exprime-t-il. \u00ab Comme beaucoup femmes d\u00e9terminantes dans l\u2019histoire, elle a \u00e9t\u00e9 oubli\u00e9e.\u00a0\u00bb <\/p>\n<p>Le roman graphique, qui prend une forme \u00e9pistolaire, n\u2019est pas un livre d\u2019histoire, mais s\u2019attache \u00e0 \u00eatre fid\u00e8le. \u00ab On la fait parler \u00e0 la premi\u00e8re personne afin de donner une tonalit\u00e9 libre \u00e0 ce qu\u2019on raconte \u00e0 travers elle. \u00bb<\/p>\n<p><img loading=\"lazy\" decoding=\"async\" width=\"589\" height=\"777\" src=\"https:\/\/www.europesays.com\/fr\/wp-content\/uploads\/2025\/12\/luc-monnerais.jpg\" alt=\"luc monnerais\" class=\"wp-image-3549027\"   data-eio=\"p\"\/><\/p>\n<p>Sous les traits de <strong>Luc Monnerais <\/strong>se dessinent ceux de<strong> Louise de Bettignies<\/strong>, dont il s\u2019est particuli\u00e8rement attach\u00e9 \u00e0 reproduire la chevelure tr\u00e8s pr\u00e9sente et reflet d\u2019une \u00e9poque. \u00ab Au del\u00e0 de lui donner un air aristocratique, cette coiffure lui donne une prestance et un port de t\u00eate altier\u00a0\u00bb, pr\u00e9cise le dessinateur. \u00ab Il existe peu d\u2019images d\u2019elle, \u00e0 part une photographie et un tr\u00e8s beau dessin. \u00bb <\/p>\n<p>Dans une alternance de grandes planches et de cases, on d\u00e9couvre dans ces pages la figure de l\u2019espionne, ainsi que la soci\u00e9t\u00e9 et l\u2019\u00e9poque dans lesquelles elle a v\u00e9cu. \u00ab Elle savait ce qu\u2019elle risquait, mais a fait preuve d\u2019un courage extraordinaire. \u00bb Le dessin porte un texte accessible dont l\u2019\u00e9criture \u00e0 la premi\u00e8re personne apporte une touche confidentielle au r\u00e9cit. <\/p>\n<p><img loading=\"lazy\" decoding=\"async\" width=\"997\" height=\"1440\" data-id=\"3549025\" src=\"https:\/\/www.europesays.com\/fr\/wp-content\/uploads\/2025\/12\/louise-de-bettignies.jpg\" alt=\"luc monnerais\" class=\"wp-image-3549025\"   data-eio=\"p\"\/>Louise de Bettignies<\/p>\n<p><img loading=\"lazy\" decoding=\"async\" width=\"990\" height=\"1440\" data-id=\"3549024\" src=\"https:\/\/www.europesays.com\/fr\/wp-content\/uploads\/2025\/12\/espionne-dans-la-grande-guerre-louise-de-bettignies-2.jpg\" alt=\"luc monnerais\" class=\"wp-image-3549024\"   data-eio=\"p\"\/>Espionne dans la Grande Guerre \u2013 Louise de Bettignies<\/p>\n<p>Le dessin est le prolongement de la main Luc Monnerais, au service d\u2019une histoire \u00e0 raconter, d\u2019une vie \u00e0 explorer. Il invite ici \u00e0 d\u00e9couvrir celle d\u2019une femme qui a marqu\u00e9 la France pour sa d\u00e9termination et son courage. <\/p>\n<p class=\"has-text-align-center\">Prochaines date de d\u00e9dicace:<br \/>-Festival BD de Chalonnes sur Loire 7 et 8 f\u00e9vrier (pour l\u2019instant sous r\u00e9serve).<br \/>-Festival du livre de caract\u00e8re de Quintin 6 et 7 mars.<br \/>-Festival BD d\u2019Ancenis 28 et 29 mars.<br \/>-Festival BD Ch\u00e2teau de Kerjean (29) 23 et 24 mai.<br \/>-Festival BD de Saint-Quay-Portrieux 29, 30 et 31 mai avec expo originaux de \u00ab\u00a0Espionne dans la grande guerre\u00a0\u00bb.<\/p>\n","protected":false},"excerpt":{"rendered":"Espionne dans le Grande Guerre, Louise de Bettignies au travail Dans le roman graphique Espionne dans la Grande&hellip;\n","protected":false},"author":2,"featured_media":629826,"comment_status":"","ping_status":"","sticky":false,"template":"","format":"standard","meta":{"footnotes":""},"categories":[2821],"tags":[1111,11,829,1777,674,1011,27,12,584,25],"class_list":{"0":"post-629825","1":"post","2":"type-post","3":"status-publish","4":"format-standard","5":"has-post-thumbnail","7":"category-rennes","8":"tag-actu","9":"tag-actualites","10":"tag-bretagne","11":"tag-eu","12":"tag-europe","13":"tag-fr","14":"tag-france","15":"tag-news","16":"tag-rennes","17":"tag-republique-francaise"},"share_on_mastodon":{"url":"https:\/\/pubeurope.com\/@fr\/115808502389307801","error":""},"_links":{"self":[{"href":"https:\/\/www.europesays.com\/fr\/wp-json\/wp\/v2\/posts\/629825","targetHints":{"allow":["GET"]}}],"collection":[{"href":"https:\/\/www.europesays.com\/fr\/wp-json\/wp\/v2\/posts"}],"about":[{"href":"https:\/\/www.europesays.com\/fr\/wp-json\/wp\/v2\/types\/post"}],"author":[{"embeddable":true,"href":"https:\/\/www.europesays.com\/fr\/wp-json\/wp\/v2\/users\/2"}],"replies":[{"embeddable":true,"href":"https:\/\/www.europesays.com\/fr\/wp-json\/wp\/v2\/comments?post=629825"}],"version-history":[{"count":0,"href":"https:\/\/www.europesays.com\/fr\/wp-json\/wp\/v2\/posts\/629825\/revisions"}],"wp:featuredmedia":[{"embeddable":true,"href":"https:\/\/www.europesays.com\/fr\/wp-json\/wp\/v2\/media\/629826"}],"wp:attachment":[{"href":"https:\/\/www.europesays.com\/fr\/wp-json\/wp\/v2\/media?parent=629825"}],"wp:term":[{"taxonomy":"category","embeddable":true,"href":"https:\/\/www.europesays.com\/fr\/wp-json\/wp\/v2\/categories?post=629825"},{"taxonomy":"post_tag","embeddable":true,"href":"https:\/\/www.europesays.com\/fr\/wp-json\/wp\/v2\/tags?post=629825"}],"curies":[{"name":"wp","href":"https:\/\/api.w.org\/{rel}","templated":true}]}}