{"id":629827,"date":"2025-12-30T12:24:09","date_gmt":"2025-12-30T12:24:09","guid":{"rendered":"https:\/\/www.europesays.com\/fr\/629827\/"},"modified":"2025-12-30T12:24:09","modified_gmt":"2025-12-30T12:24:09","slug":"un-froid-glacial-prevu-pour-la-nuit-du-nouvel-an","status":"publish","type":"post","link":"https:\/\/www.europesays.com\/fr\/629827\/","title":{"rendered":"un froid glacial pr\u00e9vu pour la nuit du Nouvel An"},"content":{"rendered":"<p>                    Par<br \/>\n        <strong><br \/>\n            <a href=\"https:\/\/actu.fr\/auteur\/ivan-capecchi\" title=\"Consulter tous les articles de Ivan CAPECCHI\" target=\"_blank\" rel=\"noopener\">Ivan CAPECCHI<\/a><br \/>\n                    <\/strong><\/p>\n<p>        Publi\u00e9 le<\/p>\n<p>            30 d\u00e9c. 2025 \u00e0 11h20        <\/p>\n<p>Le <a href=\"https:\/\/actu.fr\/tag\/froid\" target=\"_blank\" rel=\"noopener\">froid<\/a> va persister \u00e0 <strong>Strasbourg<\/strong> durant <strong>toute la premi\u00e8re semaine de janvier<\/strong>. Les <strong>nuits<\/strong> s\u2019annoncent <strong>glaciales<\/strong>, avec un gel persistant et peu de d\u00e9gel en journ\u00e9e, selon les pr\u00e9visions du m\u00e9t\u00e9orologue Christophe Mertz (<a href=\"https:\/\/atmo-risk.fr\/\" target=\"_blank\" rel=\"noopener\">Atmo-Risk<\/a>).<\/p>\n<p>Des nuits tr\u00e8s froides, parfois sans d\u00e9gel en journ\u00e9e<\/p>\n<p class=\" wall-content\">Apr\u00e8s un l\u00e9ger saupoudrage observ\u00e9 ce mardi matin, li\u00e9 \u00e0 une bruine neigeuse et\/ou vergla\u00e7ante, <strong>le froid va durablement s\u2019installer \u00e0 Strasbourg<\/strong>. \u00ab\u00a0<strong>La nuit prochaine sera tr\u00e8s froide, autour de -5 ou -6\u00b0C \u00e0 Strasbourg<\/strong>\u00ab\u00a0, annonce Christophe Mertz. Et cette situation devrait se prolonger.<\/p>\n<p class=\" wall-content\"><a href=\"https:\/\/www.instagram.com\/p\/DS4VvjYDMC4\/embed\" title=\"Ouvrir le lien sur Instagram\" target=\"_blank\" rel=\"noopener\">Visualiser le contenu sur Instagram<\/a><\/p>\n<p class=\" wall-content\"><strong>Jusqu\u2019au 5 ou 6 janvier au minimum, les temp\u00e9ratures resteront tr\u00e8s basses<\/strong>, avec \u00ab\u00a0souvent -4 \u00e0 -8\u00b0C\u00a0\u00bb durant les nuits. En journ\u00e9e, le mercure pourrait avoir du mal \u00e0 remonter : \u00ab\u00a0Il n\u2019y aura pas forc\u00e9ment de d\u00e9gel, avec des maximales autour de -2\u00b0C\u00a0\u00bb, pr\u00e9cise le m\u00e9t\u00e9orologue.<\/p>\n<p>Un r\u00e9veillon du Nouvel An qui s&rsquo;annonce glacial<\/p>\n<p>Pour la nuit du r\u00e9veillon, le diagnostic est clair : \u00ab\u00a0-5 ou -6\u00b0C sont pr\u00e9vus entre minuit et 7h du matin\u00a0\u00bb, annonce Christophe Mertz, m\u00e9t\u00e9orologue chez Atmo-Risk. Le jeudi 1er janvier 2026 en journ\u00e9e, les temp\u00e9ratures devraient en revanche repasser l\u00e9g\u00e8rement au-dessus de z\u00e9ro, autour de 1 \u00e0 2\u00b0C.<\/p>\n<p>Peu de neige attendue, mais un point de vigilance vendredi<\/p>\n<p class=\" wall-content\">Si le froid sera bien au rendez-vous, <strong>les sc\u00e9narios neigeux sont en revanche devenus \u00ab\u00a0minoritaires\u00a0\u00bb.<\/strong> Le temps devrait rester globalement sec sur la p\u00e9riode. Un \u00e9pisode reste toutefois \u00e0 surveiller : \u00ab\u00a0<strong>Vendredi<\/strong>, il faudra regarder de pr\u00e8s le <a href=\"https:\/\/actu.fr\/grand-est\/strasbourg_67482\/meteo-france-et-google-annoncent-de-la-neige-a-strasbourg-ce-qu-on-peut-dire-a-ce-stade_63629546.html\" target=\"_blank\" rel=\"noopener\">risque de neige<\/a>\u00ab\u00a0, explique Christophe Mertz.<\/p>\n<p class=\" wall-content\">Sans parler de v\u00e9ritable conflit de masses d\u2019air neigeux sur la r\u00e9gion, \u00ab\u00a0<strong>une petite couche au sol n\u2019est pas impossible, m\u00eame \u00e0 Strasbourg<\/strong>, vendredi soir ou dans la nuit de vendredi \u00e0 samedi\u00a0\u00bb, souligne-t-il, tout en appelant \u00e0 la prudence sur ce point.<\/p>\n<p>Votre r\u00e9gion, votre actu !<\/p>\n<p>Recevez chaque jour les infos qui comptent pour vous.<\/p>\n<p>\t<a href=\"https:\/\/actu.fr\/newsletter\" class=\"ac-btn ac-btn--corner ac-btn--medium ac-btn--blue800\" target=\"_blank\" rel=\"noopener\">S&rsquo;incrire<\/a><\/p>\n<p class=\" wall-content\">Quelques giboul\u00e9es \u00e9parses pourraient \u00e9galement se produire durant le week-end.<\/p>\n<p class=\" wall-content\">Personnalisez votre actualit\u00e9 en ajoutant vos villes et m\u00e9dias en favori avec <a href=\"https:\/\/moncompte.actu.fr\" title=\"D\u00e9couvez Mon Actu\" rel=\"nofollow noopener\" data-trk=\"{&quot;cta&quot;:{&quot;action&quot;:&quot;https:\\\/\\\/moncompte.actu.fr&quot;,&quot;category&quot;:&quot;mon compte&quot;,&quot;from&quot;:&quot;article footer&quot;,&quot;name&quot;:&quot;Mon actu&quot;,&quot;type&quot;:&quot;cta&quot;}}\" target=\"_blank\">Mon Actu<\/a>.<\/p>\n<p>                    <script async src=\"\/\/www.instagram.com\/embed.js\"><\/script><\/p>\n","protected":false},"excerpt":{"rendered":"Par Ivan CAPECCHI Publi\u00e9 le 30 d\u00e9c. 2025 \u00e0 11h20 Le froid va persister \u00e0 Strasbourg durant toute&hellip;\n","protected":false},"author":2,"featured_media":619438,"comment_status":"","ping_status":"","sticky":false,"template":"","format":"standard","meta":{"footnotes":""},"categories":[2820],"tags":[1111,11,1777,674,1011,27,3447,775,2487,2357,12,25,640],"class_list":{"0":"post-629827","1":"post","2":"type-post","3":"status-publish","4":"format-standard","5":"has-post-thumbnail","7":"category-strasbourg","8":"tag-actu","9":"tag-actualites","10":"tag-eu","11":"tag-europe","12":"tag-fr","13":"tag-france","14":"tag-froid","15":"tag-grand-est","16":"tag-meteo","17":"tag-meteo-france","18":"tag-news","19":"tag-republique-francaise","20":"tag-strasbourg"},"share_on_mastodon":{"url":"https:\/\/pubeurope.com\/@fr\/115808505980351304","error":""},"_links":{"self":[{"href":"https:\/\/www.europesays.com\/fr\/wp-json\/wp\/v2\/posts\/629827","targetHints":{"allow":["GET"]}}],"collection":[{"href":"https:\/\/www.europesays.com\/fr\/wp-json\/wp\/v2\/posts"}],"about":[{"href":"https:\/\/www.europesays.com\/fr\/wp-json\/wp\/v2\/types\/post"}],"author":[{"embeddable":true,"href":"https:\/\/www.europesays.com\/fr\/wp-json\/wp\/v2\/users\/2"}],"replies":[{"embeddable":true,"href":"https:\/\/www.europesays.com\/fr\/wp-json\/wp\/v2\/comments?post=629827"}],"version-history":[{"count":0,"href":"https:\/\/www.europesays.com\/fr\/wp-json\/wp\/v2\/posts\/629827\/revisions"}],"wp:featuredmedia":[{"embeddable":true,"href":"https:\/\/www.europesays.com\/fr\/wp-json\/wp\/v2\/media\/619438"}],"wp:attachment":[{"href":"https:\/\/www.europesays.com\/fr\/wp-json\/wp\/v2\/media?parent=629827"}],"wp:term":[{"taxonomy":"category","embeddable":true,"href":"https:\/\/www.europesays.com\/fr\/wp-json\/wp\/v2\/categories?post=629827"},{"taxonomy":"post_tag","embeddable":true,"href":"https:\/\/www.europesays.com\/fr\/wp-json\/wp\/v2\/tags?post=629827"}],"curies":[{"name":"wp","href":"https:\/\/api.w.org\/{rel}","templated":true}]}}