{"id":629829,"date":"2025-12-30T12:27:12","date_gmt":"2025-12-30T12:27:12","guid":{"rendered":"https:\/\/www.europesays.com\/fr\/629829\/"},"modified":"2025-12-30T12:27:12","modified_gmt":"2025-12-30T12:27:12","slug":"nice-change-dentraineur-mais-lancien-dijonnais-cedric-varrault-garde-son-poste","status":"publish","type":"post","link":"https:\/\/www.europesays.com\/fr\/629829\/","title":{"rendered":"Nice change d&rsquo;entra\u00eeneur, mais l\u2019ancien Dijonnais C\u00e9dric Varrault garde son poste"},"content":{"rendered":"<p>Outre le SM Caen, un autre bouleversement s\u2019est produit sur le banc d\u2019une \u00e9curie fran\u00e7aise ce lundi midi. En Ligue 1, l\u2019OGC Nice a officialis\u00e9 le d\u00e9part de Franck Haise. Claude Puel, ancien de la maison et sans banc depuis son d\u00e9part de Saint-\u00c9tienne en d\u00e9cembre\u00a02021, lui succ\u00e8de.<\/p>\n<p>Le club azur\u00e9en annonce \u00e9galement dans son communiqu\u00e9 que l\u2019ancien capitaine du DFCO C\u00e9dric Varrault garde son poste d\u2019entra\u00eeneur adjoint <a href=\"https:\/\/www.bienpublic.com\/sport\/2025\/06\/03\/l-ancien-capitaine-du-dfco-cedric-varrault-promu-entraineur-adjoint-de-l-ogc-nice\" target=\"_blank\" rel=\"noopener\">qu\u2019il endosse depuis juin\u00a02025<\/a>.<\/p>\n","protected":false},"excerpt":{"rendered":"Outre le SM Caen, un autre bouleversement s\u2019est produit sur le banc d\u2019une \u00e9curie fran\u00e7aise ce lundi midi.&hellip;\n","protected":false},"author":2,"featured_media":629830,"comment_status":"","ping_status":"","sticky":false,"template":"","format":"standard","meta":{"footnotes":""},"categories":[2819],"tags":[1111,11,2930,8587,8588,1777,674,107,63,1011,27,12,2401,882,25,517],"class_list":{"0":"post-629829","1":"post","2":"type-post","3":"status-publish","4":"format-standard","5":"has-post-thumbnail","7":"category-nice","8":"tag-actu","9":"tag-actualites","10":"tag-dijon","11":"tag-dijon-ville","12":"tag-edition-dijon-et-son-agglomeration","13":"tag-eu","14":"tag-europe","15":"tag-fil-info","16":"tag-football","17":"tag-fr","18":"tag-france","19":"tag-news","20":"tag-nice","21":"tag-provence-alpes-cote-dazur","22":"tag-republique-francaise","23":"tag-sport"},"share_on_mastodon":{"url":"https:\/\/pubeurope.com\/@fr\/115808517657529613","error":""},"_links":{"self":[{"href":"https:\/\/www.europesays.com\/fr\/wp-json\/wp\/v2\/posts\/629829","targetHints":{"allow":["GET"]}}],"collection":[{"href":"https:\/\/www.europesays.com\/fr\/wp-json\/wp\/v2\/posts"}],"about":[{"href":"https:\/\/www.europesays.com\/fr\/wp-json\/wp\/v2\/types\/post"}],"author":[{"embeddable":true,"href":"https:\/\/www.europesays.com\/fr\/wp-json\/wp\/v2\/users\/2"}],"replies":[{"embeddable":true,"href":"https:\/\/www.europesays.com\/fr\/wp-json\/wp\/v2\/comments?post=629829"}],"version-history":[{"count":0,"href":"https:\/\/www.europesays.com\/fr\/wp-json\/wp\/v2\/posts\/629829\/revisions"}],"wp:featuredmedia":[{"embeddable":true,"href":"https:\/\/www.europesays.com\/fr\/wp-json\/wp\/v2\/media\/629830"}],"wp:attachment":[{"href":"https:\/\/www.europesays.com\/fr\/wp-json\/wp\/v2\/media?parent=629829"}],"wp:term":[{"taxonomy":"category","embeddable":true,"href":"https:\/\/www.europesays.com\/fr\/wp-json\/wp\/v2\/categories?post=629829"},{"taxonomy":"post_tag","embeddable":true,"href":"https:\/\/www.europesays.com\/fr\/wp-json\/wp\/v2\/tags?post=629829"}],"curies":[{"name":"wp","href":"https:\/\/api.w.org\/{rel}","templated":true}]}}