{"id":629831,"date":"2025-12-30T12:30:15","date_gmt":"2025-12-30T12:30:15","guid":{"rendered":"https:\/\/www.europesays.com\/fr\/629831\/"},"modified":"2025-12-30T12:30:15","modified_gmt":"2025-12-30T12:30:15","slug":"accord-scelle-pour-yassine-benhattab","status":"publish","type":"post","link":"https:\/\/www.europesays.com\/fr\/629831\/","title":{"rendered":"Accord scell\u00e9 pour Yassine Benhattab ?"},"content":{"rendered":"<p>Afficher l\u2019index Masquer l\u2019index <\/p>\n<ul class=\"intoc\">\n<li class=\"item-h2\"><a class=\"simple\" href=\"#toc-title-1\">Mercato FC Nantes : Yassine Benhattab en danger au FCN !<\/a><\/li>\n<li class=\"item-h2\"><a class=\"simple\" href=\"#toc-title-2\">Lire la suite sur le FC Nantes <\/a><\/li>\n<\/ul>\n<p>\u00c7a se bouscule pour l\u2019avenir de Yassine Benhattab au FC Nantes. Le milieu de terrain pourrait claquer la porte lors du mercato hivernal.<\/p>\n<p>Mercato FC Nantes : Yassine Benhattab en danger au FCN !\t<\/p>\n<p>Yassine Benhattab croyait qu\u2019il allait s\u2019imposer au FC Nantes apr\u00e8s une saison r\u00e9ussie \u00e0 Aubagne en National 1 l\u2019an dernier. Mais c\u2019est le calvaire qu\u2019il vit \u00e0 la Beaujoire depuis son arriv\u00e9e. Malgr\u00e9 des premi\u00e8res apparitions int\u00e9ressantes, le milieu de terrain de 23 ans recule dans la hi\u00e9rarchie. Temps de jeu r\u00e9duit sous la houlette de Luis Castro.<\/p>\n<p><a href=\"https:\/\/www.foot-sur7.fr\/710921-mercato-fc-nantes-cest-officiel-kita-vire-luis-castro\" data-type=\"link\" data-id=\"https:\/\/www.foot-sur7.fr\/710921-mercato-fc-nantes-cest-officiel-kita-vire-luis-castro\" target=\"_blank\" rel=\"noopener\">L\u2019arriv\u00e9e du nouvel entra\u00eeneur, Ahmed Kantari <\/a>ne semble gu\u00e8re am\u00e9liorer sa situation. Il pourrait faire confiance \u00e0 la nouvelle recrue R\u00e9my Cabella et le laisser cirer le banc durant la saison. Un d\u00e9part cet hiver se pr\u00e9cise. Yassine Benhattab va poursuivre sa progression en Ligue 2. Selon Foot Mercato, le joueur se rapprocherait d\u2019un pr\u00eat de six mois en deuxi\u00e8me division. L\u2019EA Guingamp cherche une nouvelle g\u00e2chette offensive pour la seconde partie de saison, et aurait manifest\u00e9 un int\u00e9r\u00eat concret pour son profil.<\/p>\n<p><a class=\"related-article simple\" href=\"https:\/\/www.foot-sur7.fr\/714709-mercato-om-un-gros-depart-se-precise-a-marseille\" target=\"_blank\" rel=\"noopener\">\u00c0 voirMercato OM : Un gros d\u00e9part se pr\u00e9cise \u00e0 Marseille !<\/a><\/p>\n<p>Lire aussi : <a href=\"https:\/\/www.foot-sur7.fr\/714117-mercato-fc-nantes-gros-coup-de-kita-un-top-joueur-a-7me-arrive\" target=\"_blank\" rel=\"noopener\">Mercato FC Nantes : Gros coup de Kita, un top joueur \u00e0 7M\u20ac arrive !<\/a><\/p>\n<p>Les discussions entre les deux clubs avanceraient bien. Ils acc\u00e9l\u00e8rent pour boucler rapidement le dossier. L\u2019objectif est d\u2019offrir au joueur un cadre plus favorable. Benhattab ne quitterait pas d\u00e9finitivement la Beaujoire. Mais il pourrait retrouver sa forme ailleurs et revenir \u00e0 la fin de cette campagne. Le deal n\u2019est pas totalement boucl\u00e9.<\/p>\n<p>Lire la suite sur le FC Nantes <\/p>\n<p><a href=\"https:\/\/www.foot-sur7.fr\/714450-mercato-fc-nantes-aboukhlal-proche-de-signer\" target=\"_blank\" rel=\"noopener\">Mercato FC Nantes : Aboukhlal proche de signer ?<\/a><\/p>\n<p><a href=\"https:\/\/www.foot-sur7.fr\/714209-mercato-fc-nantes-arsenal-provoque-la-colere-de-kita\" target=\"_blank\" rel=\"noopener\">Mercato FC Nantes : \u00a0Arsenal provoque la col\u00e8re de Kita !<\/a><\/p>\n<p><a class=\"related-article simple\" href=\"https:\/\/www.foot-sur7.fr\/714707-mercato-asse-maintien-de-horneland-ksv-face-a-son-choix\" target=\"_blank\" rel=\"noopener\">\u00c0 voirMercato ASSE : Maintien de Horneland, KSV face \u00e0 son choix<\/a><\/p>\n<p><a href=\"https:\/\/www.foot-sur7.fr\/714123-mercato-fc-nantes-cest-confirme-deux-cracks-debarquent-a-nantes\" target=\"_blank\" rel=\"noopener\">Mercato FC Nantes : C\u2019est confirm\u00e9, deux cracks d\u00e9barquent \u00e0 Nantes !<\/a><\/p>\n","protected":false},"excerpt":{"rendered":"Afficher l\u2019index Masquer l\u2019index Mercato FC Nantes : Yassine Benhattab en danger au FCN ! Lire la suite&hellip;\n","protected":false},"author":2,"featured_media":1217,"comment_status":"","ping_status":"","sticky":false,"template":"","format":"standard","meta":{"footnotes":""},"categories":[2818],"tags":[1111,11,1777,674,1011,27,766,12,2636,25],"class_list":{"0":"post-629831","1":"post","2":"type-post","3":"status-publish","4":"format-standard","5":"has-post-thumbnail","7":"category-nantes","8":"tag-actu","9":"tag-actualites","10":"tag-eu","11":"tag-europe","12":"tag-fr","13":"tag-france","14":"tag-nantes","15":"tag-news","16":"tag-pays-de-la-loire","17":"tag-republique-francaise"},"share_on_mastodon":{"url":"https:\/\/pubeurope.com\/@fr\/115808529545135295","error":""},"_links":{"self":[{"href":"https:\/\/www.europesays.com\/fr\/wp-json\/wp\/v2\/posts\/629831","targetHints":{"allow":["GET"]}}],"collection":[{"href":"https:\/\/www.europesays.com\/fr\/wp-json\/wp\/v2\/posts"}],"about":[{"href":"https:\/\/www.europesays.com\/fr\/wp-json\/wp\/v2\/types\/post"}],"author":[{"embeddable":true,"href":"https:\/\/www.europesays.com\/fr\/wp-json\/wp\/v2\/users\/2"}],"replies":[{"embeddable":true,"href":"https:\/\/www.europesays.com\/fr\/wp-json\/wp\/v2\/comments?post=629831"}],"version-history":[{"count":0,"href":"https:\/\/www.europesays.com\/fr\/wp-json\/wp\/v2\/posts\/629831\/revisions"}],"wp:featuredmedia":[{"embeddable":true,"href":"https:\/\/www.europesays.com\/fr\/wp-json\/wp\/v2\/media\/1217"}],"wp:attachment":[{"href":"https:\/\/www.europesays.com\/fr\/wp-json\/wp\/v2\/media?parent=629831"}],"wp:term":[{"taxonomy":"category","embeddable":true,"href":"https:\/\/www.europesays.com\/fr\/wp-json\/wp\/v2\/categories?post=629831"},{"taxonomy":"post_tag","embeddable":true,"href":"https:\/\/www.europesays.com\/fr\/wp-json\/wp\/v2\/tags?post=629831"}],"curies":[{"name":"wp","href":"https:\/\/api.w.org\/{rel}","templated":true}]}}