{"id":629832,"date":"2025-12-30T12:31:09","date_gmt":"2025-12-30T12:31:09","guid":{"rendered":"https:\/\/www.europesays.com\/fr\/629832\/"},"modified":"2025-12-30T12:31:09","modified_gmt":"2025-12-30T12:31:09","slug":"cali-en-concert-a-bordeaux-entre-amour-et-revolte","status":"publish","type":"post","link":"https:\/\/www.europesays.com\/fr\/629832\/","title":{"rendered":"Cali en concert \u00e0 Bordeaux, entre amour et r\u00e9volte"},"content":{"rendered":"<p>En 2025, Cali a parcouru la France avec<a href=\"https:\/\/www.sudouest.fr\/gironde\/bordeaux\/chanson-quatre-raisons-d-aller-voir-cali-et-20-ans-d-amour-parfait-au-femina-a-bordeaux-22757115.php\" target=\"_blank\" rel=\"follow noopener\"> la tourn\u00e9e \u00ab\u00a020\u00a0ans d\u2019amour parfait\u00a0\u00bb<\/a>, c\u00e9l\u00e9brant le 20\u1d49 anniversaire de son premier album, \u00e9coul\u00e9 \u00e0 plus de 500\u00a0000 exemplaires. Pour l\u2019occasion, l\u2019opus dat\u00e9 de 2003 avait \u00e9t\u00e9 revisit\u00e9 en compagnie de Dominique A, Francis Cabrel, Stephan Eicher, Elliott Murphy, Bernard Lavilliers, B\u00e9nabar, Adamo, Peter Kingsbery et d\u2019autres.<\/p>\n","protected":false},"excerpt":{"rendered":"En 2025, Cali a parcouru la France avec la tourn\u00e9e \u00ab\u00a020\u00a0ans d\u2019amour parfait\u00a0\u00bb, c\u00e9l\u00e9brant le 20\u1d49 anniversaire de&hellip;\n","protected":false},"author":2,"featured_media":629833,"comment_status":"","ping_status":"","sticky":false,"template":"","format":"standard","meta":{"footnotes":""},"categories":[2817],"tags":[1111,11,1997,1777,674,1011,27,12,2219,25],"class_list":{"0":"post-629832","1":"post","2":"type-post","3":"status-publish","4":"format-standard","5":"has-post-thumbnail","7":"category-bordeaux","8":"tag-actu","9":"tag-actualites","10":"tag-bordeaux","11":"tag-eu","12":"tag-europe","13":"tag-fr","14":"tag-france","15":"tag-news","16":"tag-nouvelle-aquitaine","17":"tag-republique-francaise"},"share_on_mastodon":{"url":"https:\/\/pubeurope.com\/@fr\/115808533666794360","error":""},"_links":{"self":[{"href":"https:\/\/www.europesays.com\/fr\/wp-json\/wp\/v2\/posts\/629832","targetHints":{"allow":["GET"]}}],"collection":[{"href":"https:\/\/www.europesays.com\/fr\/wp-json\/wp\/v2\/posts"}],"about":[{"href":"https:\/\/www.europesays.com\/fr\/wp-json\/wp\/v2\/types\/post"}],"author":[{"embeddable":true,"href":"https:\/\/www.europesays.com\/fr\/wp-json\/wp\/v2\/users\/2"}],"replies":[{"embeddable":true,"href":"https:\/\/www.europesays.com\/fr\/wp-json\/wp\/v2\/comments?post=629832"}],"version-history":[{"count":0,"href":"https:\/\/www.europesays.com\/fr\/wp-json\/wp\/v2\/posts\/629832\/revisions"}],"wp:featuredmedia":[{"embeddable":true,"href":"https:\/\/www.europesays.com\/fr\/wp-json\/wp\/v2\/media\/629833"}],"wp:attachment":[{"href":"https:\/\/www.europesays.com\/fr\/wp-json\/wp\/v2\/media?parent=629832"}],"wp:term":[{"taxonomy":"category","embeddable":true,"href":"https:\/\/www.europesays.com\/fr\/wp-json\/wp\/v2\/categories?post=629832"},{"taxonomy":"post_tag","embeddable":true,"href":"https:\/\/www.europesays.com\/fr\/wp-json\/wp\/v2\/tags?post=629832"}],"curies":[{"name":"wp","href":"https:\/\/api.w.org\/{rel}","templated":true}]}}