{"id":629838,"date":"2025-12-30T12:34:09","date_gmt":"2025-12-30T12:34:09","guid":{"rendered":"https:\/\/www.europesays.com\/fr\/629838\/"},"modified":"2025-12-30T12:34:09","modified_gmt":"2025-12-30T12:34:09","slug":"les-opposants-annoncent-pourvoi-en-cassation-et-revelations-a-venir","status":"publish","type":"post","link":"https:\/\/www.europesays.com\/fr\/629838\/","title":{"rendered":"les opposants annoncent pourvoi en cassation et r\u00e9v\u00e9lations \u00e0 venir"},"content":{"rendered":"<p>                    Par<br \/>\n        <strong><br \/>\n            <a href=\"https:\/\/actu.fr\/auteur\/paul-2\" title=\"Consulter tous les articles de Paul Halbedel\" target=\"_blank\" rel=\"noopener\">Paul Halbedel<\/a><br \/>\n                    <\/strong><\/p>\n<p>        Publi\u00e9 le<\/p>\n<p>            30 d\u00e9c. 2025 \u00e0 12h09        <\/p>\n<p>La saga judiciaire de <a href=\"https:\/\/actu.fr\/tag\/autoroute-castres-toulouse-a69\" target=\"_blank\" rel=\"noopener\">l\u2019autoroute A69<\/a> vient de conna\u00eetre un nouvel \u00e9pisode. Ce mardi 30\u00a0d\u00e9cembre, la <strong>Cour administrative d\u2019appel de Toulouse<\/strong> a d\u00e9cid\u00e9 de <a href=\"https:\/\/actu.fr\/occitanie\/toulouse_31555\/autoroute-a69-nouveau-feu-vert-de-la-justice-pour-les-autorisations-du-chantier-entre-castres-et-toulouse_63633512.html\" target=\"_blank\" rel=\"noopener\">r\u00e9tablir les autorisations environnementales encadrant le chantier<\/a> de cette infrastructure de 53 kilom\u00e8tres actuellement en construction entre Castres et Toulouse. Un arr\u00eat qui casse <a href=\"https:\/\/actu.fr\/occitanie\/castres_81065\/a69-le-tribunal-administratif-annule-larrete-prefectoral-autorisant-le-chantier-entre-castres-a-toulouse_62308002.html\" target=\"_blank\" rel=\"noopener\">la d\u00e9cision rendue en premi\u00e8re instance dans ce dossier sur le fond<\/a>. Au mois de f\u00e9vrier\u00a02025, le tribunal administratif avait en effet jug\u00e9 que ces travaux \u00e9taient ill\u00e9gaux.<\/p>\n<p class=\" wall-content\">\u00ab\u2009C\u2019est une <strong>d\u00e9cision \u00e9videmment incompr\u00e9hensible et d\u00e9cevante, mais pr\u00e9visible<\/strong>\u2009\u00bb, r\u00e9agit <strong>La Voie est Libre<\/strong>. \u00ab\u2009Incompr\u00e9hensible, car les arguments qui ont fait tomber l\u2019autorisation environnementale de l\u2019A69 en f\u00e9vrier restent toujours aussi solides. Pr\u00e9visible, car lorsque des magistrats ayant d\u00e9j\u00e0 jug\u00e9 en proc\u00e9dure acc\u00e9l\u00e9r\u00e9e avaient refus\u00e9 de se r\u00e9cuser pour statuer sur le fond, on est en droit de se questionner sur leur impartialit\u00e9\u2009\u00bb, poursuit le collectif oppos\u00e9 \u00e0 l\u2019autoroute.<\/p>\n<p>Un nouveau feuilleton \u00e0 venir en cassation<\/p>\n<p class=\" wall-content\">Le collectif La Voie est libre se dit pour autant toujours aussi d\u00e9termin\u00e9 \u00e0 \u00ab\u2009faire triompher le droit environnemental\u2009\u00bb. Et annonce qu\u2019il va formuler un recours devant la juridiction supr\u00eame. \u00ab\u2009La toute jeune Cour administrative d\u2019appel de Toulouse se discr\u00e9dite et ce ne sera pas la premi\u00e8re fois qu\u2019un de ses arr\u00eats sera cass\u00e9 par le Conseil d\u2019\u00c9tat. <strong>Nous engageons un pourvoi en cassation imm\u00e9diatement<\/strong>\u2009: la d\u00e9cision \u00e0 venir du Conseil d\u2019\u00c9tat sera rendue avant la mise en service fantasm\u00e9e par le ministre Tabarot\u2009\u00bb, indiquent les opposants \u00e0 l\u2019A69.<\/p>\n<p class=\" wall-content\"><strong>Plus haute juridiction de l\u2019ordre judiciaire<\/strong>, la Cour de cassation ne r\u00e9examinera pas l\u2019affaire\u00a0sur le fond et ne sera pas charg\u00e9e de se prononcer sur celui-ci. Son r\u00f4le consiste \u00e0 <strong>v\u00e9rifier la correcte application de la loi par les juges ayant rendu la d\u00e9cision en appel<\/strong>.<\/p>\n<p>Vid\u00e9os : en ce moment sur ActuLes opposants \u00e0 l\u2019A69 croient en une nouvelle suspension du chantier<\/p>\n<p class=\" wall-content\">Le collectif rappelle par ailleurs que d\u2019autres actions juridiques sont \u00e0 venir, \u00e9voquant \u00ab\u2009un <strong>volet p\u00e9nal bien charg\u00e9<\/strong>, qui n\u2019a pas d\u00e9voil\u00e9 toutes ses surprises et <strong>qui pourrait bien suspendre \u00e0 nouveau ce chantier de la honte<\/strong>\u2009\u00bb.<\/p>\n<p class=\" wall-content\">La Voie est libre annonce \u00e9galement qu\u2019il fera des r\u00e9v\u00e9lations le 16\u00a0janvier prochain lors du comit\u00e9 de suivi des mesures compensatoires programm\u00e9 \u00e0 la pr\u00e9fecture d\u2019Albi. <strong>\u00ab\u2009Cette r\u00e9union r\u00e9v\u00e9lera toute l\u2019incomp\u00e9tence d\u2019Atosca et la complaisance coupable des pr\u00e9fectures\u2009<\/strong>\u00bb, assure les membres du collectif, pointant du doigt \u00ab\u2009le scandale de la compensation de ce projet, \u00e9tudi\u00e9 au doigt mouill\u00e9\u2009\u00bb.<\/p>\n<p class=\" wall-content\">Personnalisez votre actualit\u00e9 en ajoutant vos villes et m\u00e9dias en favori avec <a href=\"https:\/\/moncompte.actu.fr\" title=\"D\u00e9couvez Mon Actu\" rel=\"nofollow noopener\" data-trk=\"{&quot;cta&quot;:{&quot;action&quot;:&quot;https:\\\/\\\/moncompte.actu.fr&quot;,&quot;category&quot;:&quot;mon compte&quot;,&quot;from&quot;:&quot;article footer&quot;,&quot;name&quot;:&quot;Mon actu&quot;,&quot;type&quot;:&quot;cta&quot;}}\" target=\"_blank\">Mon Actu<\/a>.<\/p>\n","protected":false},"excerpt":{"rendered":"Par Paul Halbedel Publi\u00e9 le 30 d\u00e9c. 2025 \u00e0 12h09 La saga judiciaire de l\u2019autoroute A69 vient de&hellip;\n","protected":false},"author":2,"featured_media":629839,"comment_status":"","ping_status":"","sticky":false,"template":"","format":"standard","meta":{"footnotes":""},"categories":[2816],"tags":[1111,11,5728,1777,674,1011,27,303,12,2680,25,104,2312,2086],"class_list":{"0":"post-629838","1":"post","2":"type-post","3":"status-publish","4":"format-standard","5":"has-post-thumbnail","7":"category-toulouse","8":"tag-actu","9":"tag-actualites","10":"tag-autoroute-castres-toulouse-a69","11":"tag-eu","12":"tag-europe","13":"tag-fr","14":"tag-france","15":"tag-justice","16":"tag-news","17":"tag-occitanie","18":"tag-republique-francaise","19":"tag-societe","20":"tag-toulouse","21":"tag-travaux"},"share_on_mastodon":{"url":"https:\/\/pubeurope.com\/@fr\/115808545327838820","error":""},"_links":{"self":[{"href":"https:\/\/www.europesays.com\/fr\/wp-json\/wp\/v2\/posts\/629838","targetHints":{"allow":["GET"]}}],"collection":[{"href":"https:\/\/www.europesays.com\/fr\/wp-json\/wp\/v2\/posts"}],"about":[{"href":"https:\/\/www.europesays.com\/fr\/wp-json\/wp\/v2\/types\/post"}],"author":[{"embeddable":true,"href":"https:\/\/www.europesays.com\/fr\/wp-json\/wp\/v2\/users\/2"}],"replies":[{"embeddable":true,"href":"https:\/\/www.europesays.com\/fr\/wp-json\/wp\/v2\/comments?post=629838"}],"version-history":[{"count":0,"href":"https:\/\/www.europesays.com\/fr\/wp-json\/wp\/v2\/posts\/629838\/revisions"}],"wp:featuredmedia":[{"embeddable":true,"href":"https:\/\/www.europesays.com\/fr\/wp-json\/wp\/v2\/media\/629839"}],"wp:attachment":[{"href":"https:\/\/www.europesays.com\/fr\/wp-json\/wp\/v2\/media?parent=629838"}],"wp:term":[{"taxonomy":"category","embeddable":true,"href":"https:\/\/www.europesays.com\/fr\/wp-json\/wp\/v2\/categories?post=629838"},{"taxonomy":"post_tag","embeddable":true,"href":"https:\/\/www.europesays.com\/fr\/wp-json\/wp\/v2\/tags?post=629838"}],"curies":[{"name":"wp","href":"https:\/\/api.w.org\/{rel}","templated":true}]}}