{"id":629840,"date":"2025-12-30T12:35:09","date_gmt":"2025-12-30T12:35:09","guid":{"rendered":"https:\/\/www.europesays.com\/fr\/629840\/"},"modified":"2025-12-30T12:35:09","modified_gmt":"2025-12-30T12:35:09","slug":"une-femme-meurt-percutee-par-le-tramway-de-la-metropole-de-lille-dans-la-nuit-de-lundi-a-mardi","status":"publish","type":"post","link":"https:\/\/www.europesays.com\/fr\/629840\/","title":{"rendered":"Une femme meurt percut\u00e9e par le tramway de la m\u00e9tropole de Lille, dans la nuit de lundi \u00e0 mardi"},"content":{"rendered":"<p>                    Par<br \/>\n        <strong><br \/>\n            <a href=\"https:\/\/actu.fr\/auteur\/margot-nicodeme\" title=\"Consulter tous les articles de Margot Nicod\u00e8me\" target=\"_blank\" rel=\"noopener\">Margot Nicod\u00e8me<\/a><br \/>\n                    <\/strong><\/p>\n<p>        Publi\u00e9 le<\/p>\n<p>            30 d\u00e9c. 2025 \u00e0 12h03        <\/p>\n<p><a href=\"https:\/\/actu.fr\/tag\/ilevia\" target=\"_blank\" rel=\"noopener\">Il\u00e9via<\/a> partageait l\u2019information sur son compte X peu apr\u00e8s minuit, dans la nuit du 29 au 30\u00a0d\u00e9cembre 2025\u2009: un \u00ab<b>\u2009incident voyageur<\/b>\u2009\u00bb a <b>perturb\u00e9 les derni\u00e8res minutes de circulation<\/b> du <b>tramway<\/b> dans la m\u00e9tropole de <a href=\"https:\/\/actu.fr\/hauts-de-france\/lille_59350\" target=\"_blank\" rel=\"noopener\">Lille<\/a> (Nord). Il s\u2019agissait en fait d\u2019un <b>accident mortel<\/b>, dont la victime est une <b>femme<\/b> \u00e2g\u00e9e d\u2019une soixantaine d\u2019ann\u00e9es.<\/p>\n<p class=\" wall-content\">\n<p>Une femme meurt percut\u00e9e par le tramway dans la m\u00e9tropole de Lille<\/p>\n<p class=\" wall-content\">La collision s\u2019est produite dans le sens Roubaix \u2013 Lille, entre les arr\u00eats Bol d\u2019Air et Villa Cavrois \u00e0 <a href=\"https:\/\/actu.fr\/hauts-de-france\/croix_59163\" target=\"_blank\" rel=\"noopener\">Croix<\/a>, indique <a href=\"https:\/\/www.lavoixdunord.fr\/1660664\/article\/2025-12-30\/une-femme-d-une-soixantaine-d-annees-mortellement-percutee-par-un-tramway-croix\" target=\"_blank\" rel=\"noopener\">La Voix du Nord<\/a>. Selon nos confr\u00e8res, la femme se serait, depuis les buissons, jet\u00e9e sur les voies au passage du tram. Elle n\u2019a pas surv\u00e9cu, bien que le conducteur ait d\u00e9clench\u00e9 le freinage d\u2019urgence.<\/p>\n<p class=\" wall-content\">L\u2019employ\u00e9 Il\u00e9via, en \u00e9tat de choc, a \u00e9t\u00e9 emmen\u00e9 \u00e0 l\u2019h\u00f4pital. Soumis \u00e0 un d\u00e9pistage, il n\u2019avait pas consomm\u00e9 d\u2019alcool.<\/p>\n<p class=\" wall-content\">Personnalisez votre actualit\u00e9 en ajoutant vos villes et m\u00e9dias en favori avec <a href=\"https:\/\/moncompte.actu.fr\" title=\"D\u00e9couvez Mon Actu\" rel=\"nofollow noopener\" data-trk=\"{&quot;cta&quot;:{&quot;action&quot;:&quot;https:\\\/\\\/moncompte.actu.fr&quot;,&quot;category&quot;:&quot;mon compte&quot;,&quot;from&quot;:&quot;article footer&quot;,&quot;name&quot;:&quot;Mon actu&quot;,&quot;type&quot;:&quot;cta&quot;}}\" target=\"_blank\">Mon Actu<\/a>.<\/p>\n","protected":false},"excerpt":{"rendered":"Par Margot Nicod\u00e8me Publi\u00e9 le 30 d\u00e9c. 2025 \u00e0 12h03 Il\u00e9via partageait l\u2019information sur son compte X peu&hellip;\n","protected":false},"author":2,"featured_media":629841,"comment_status":"","ping_status":"","sticky":false,"template":"","format":"standard","meta":{"footnotes":""},"categories":[2815],"tags":[119,1111,11,1777,674,118,1011,27,811,4288,1307,12,25],"class_list":{"0":"post-629840","1":"post","2":"type-post","3":"status-publish","4":"format-standard","5":"has-post-thumbnail","7":"category-lille","8":"tag-accident","9":"tag-actu","10":"tag-actualites","11":"tag-eu","12":"tag-europe","13":"tag-faits-divers","14":"tag-fr","15":"tag-france","16":"tag-hauts-de-france","17":"tag-ilevia","18":"tag-lille","19":"tag-news","20":"tag-republique-francaise"},"share_on_mastodon":{"url":"https:\/\/pubeurope.com\/@fr\/115808549117863085","error":""},"_links":{"self":[{"href":"https:\/\/www.europesays.com\/fr\/wp-json\/wp\/v2\/posts\/629840","targetHints":{"allow":["GET"]}}],"collection":[{"href":"https:\/\/www.europesays.com\/fr\/wp-json\/wp\/v2\/posts"}],"about":[{"href":"https:\/\/www.europesays.com\/fr\/wp-json\/wp\/v2\/types\/post"}],"author":[{"embeddable":true,"href":"https:\/\/www.europesays.com\/fr\/wp-json\/wp\/v2\/users\/2"}],"replies":[{"embeddable":true,"href":"https:\/\/www.europesays.com\/fr\/wp-json\/wp\/v2\/comments?post=629840"}],"version-history":[{"count":0,"href":"https:\/\/www.europesays.com\/fr\/wp-json\/wp\/v2\/posts\/629840\/revisions"}],"wp:featuredmedia":[{"embeddable":true,"href":"https:\/\/www.europesays.com\/fr\/wp-json\/wp\/v2\/media\/629841"}],"wp:attachment":[{"href":"https:\/\/www.europesays.com\/fr\/wp-json\/wp\/v2\/media?parent=629840"}],"wp:term":[{"taxonomy":"category","embeddable":true,"href":"https:\/\/www.europesays.com\/fr\/wp-json\/wp\/v2\/categories?post=629840"},{"taxonomy":"post_tag","embeddable":true,"href":"https:\/\/www.europesays.com\/fr\/wp-json\/wp\/v2\/tags?post=629840"}],"curies":[{"name":"wp","href":"https:\/\/api.w.org\/{rel}","templated":true}]}}