{"id":629844,"date":"2025-12-30T12:37:08","date_gmt":"2025-12-30T12:37:08","guid":{"rendered":"https:\/\/www.europesays.com\/fr\/629844\/"},"modified":"2025-12-30T12:37:08","modified_gmt":"2025-12-30T12:37:08","slug":"decouvrez-le-musee-de-la-basilique","status":"publish","type":"post","link":"https:\/\/www.europesays.com\/fr\/629844\/","title":{"rendered":"d\u00e9couvrez le mus\u00e9e de la basilique"},"content":{"rendered":"<p>Depuis trois ans, <a href=\"https:\/\/www.laprovence.com\/article\/region\/85884523098106\/la-mater-dolorosa-de-notre-dame-de-la-garde-une-oeuvre-lumineuse-restee-dans-l-ombre\" target=\"_blank\" rel=\"noopener\">Jean-Michel Sanchez, historien de l\u2019art sacr\u00e9<\/a> et musicologue, dirige le mus\u00e9e avec Marie Aubert. \u00ab\u00a0Nous g\u00e9rons les collections, les expositions temporaires et assurons la s\u00e9curit\u00e9 des \u0153uvres\u00a0\u00bb, explique-t-il.\u00a0Les visiteurs b\u00e9n\u00e9ficient ainsi d\u2019un cadre s\u00fbr et bien organis\u00e9, \u00e0 quelques pas de la c\u00e9l\u00e8bre basilique.<\/p>\n<p>Ouvert tous les jours, le mus\u00e9e retrace l\u2019histoire du sanctuaire, <a href=\"https:\/\/www.laprovence.com\/article\/region\/2396451096920714\/projecteur-mapping-la-bonne-mere-a-marseille-se-pare-de-mille-feux-ce-dimanche-pour-feter-la-fin-de-sa-renovation\" target=\"_blank\" rel=\"noopener\">de ses origines \u00e0 sa reconstruction<\/a> au XIXe\u00a0si\u00e8cle. Deux expositions temporaires par an renouvellent l\u2019exp\u00e9rience des visiteurs, m\u00ealant patrimoine, art et p\u00e9dagogie.<\/p>\n<p>Tableaux, gravures, plans et documents historiques racontent les processions et p\u00e8lerinages marseillais, tandis que des dons de particuliers enrichissent r\u00e9guli\u00e8rement les collections.<\/p>\n<p>Pr\u00e9sent\u00e9e jusqu\u2019en mai\u00a02026, l\u2019exposition temporaire actuelle met en lumi\u00e8re <a href=\"https:\/\/www.laprovence.com\/article\/sortie-loisirs\/1729074261306215\/le-catholicos-karekine-ii-a-marseille-un-nouveau-symbole-du-lien-qui-unit-la-ville-a-l-armenie\" target=\"_blank\" rel=\"noopener\">des tr\u00e9sors arm\u00e9niens<\/a> jamais pr\u00e9sent\u00e9s au public. L\u2019ann\u00e9e prochaine, le mus\u00e9e proposera \u00e9galement une exposition sur les fa\u00efences religieuses de Marseille et de Moustiers du XVIIe\u00a0si\u00e8cle, \u00e0 l\u2019occasion du 300e anniversaire de l\u2019Acad\u00e9mie des arts, sciences et lettres de Marseille.<\/p>\n<p><strong>Ouvert tous les jours, \u00e0 Notre-Dame de la Garde, de 9h \u00e0 17h. Entr\u00e9e\u00a0: 3\u00a0\u20ac.<\/strong><\/p>\n","protected":false},"excerpt":{"rendered":"Depuis trois ans, Jean-Michel Sanchez, historien de l\u2019art sacr\u00e9 et musicologue, dirige le mus\u00e9e avec Marie Aubert. \u00ab\u00a0Nous&hellip;\n","protected":false},"author":2,"featured_media":629845,"comment_status":"","ping_status":"","sticky":false,"template":"","format":"standard","meta":{"footnotes":""},"categories":[2814],"tags":[17,1111,11,31552,11690,3474,1777,674,1011,27,7938,2831,884,5875,3048,12,882,25],"class_list":{"0":"post-629844","1":"post","2":"type-post","3":"status-publish","4":"format-standard","5":"has-post-thumbnail","7":"category-marseille","8":"tag-17","9":"tag-actu","10":"tag-actualites","11":"tag-basilique","12":"tag-bonne","13":"tag-decouvrez","14":"tag-eu","15":"tag-europe","16":"tag-fr","17":"tag-france","18":"tag-inauguration","19":"tag-loisirs-traditions","20":"tag-marseille","21":"tag-mere","22":"tag-musee","23":"tag-news","24":"tag-provence-alpes-cote-dazur","25":"tag-republique-francaise"},"share_on_mastodon":{"url":"https:\/\/pubeurope.com\/@fr\/115808557065580398","error":""},"_links":{"self":[{"href":"https:\/\/www.europesays.com\/fr\/wp-json\/wp\/v2\/posts\/629844","targetHints":{"allow":["GET"]}}],"collection":[{"href":"https:\/\/www.europesays.com\/fr\/wp-json\/wp\/v2\/posts"}],"about":[{"href":"https:\/\/www.europesays.com\/fr\/wp-json\/wp\/v2\/types\/post"}],"author":[{"embeddable":true,"href":"https:\/\/www.europesays.com\/fr\/wp-json\/wp\/v2\/users\/2"}],"replies":[{"embeddable":true,"href":"https:\/\/www.europesays.com\/fr\/wp-json\/wp\/v2\/comments?post=629844"}],"version-history":[{"count":0,"href":"https:\/\/www.europesays.com\/fr\/wp-json\/wp\/v2\/posts\/629844\/revisions"}],"wp:featuredmedia":[{"embeddable":true,"href":"https:\/\/www.europesays.com\/fr\/wp-json\/wp\/v2\/media\/629845"}],"wp:attachment":[{"href":"https:\/\/www.europesays.com\/fr\/wp-json\/wp\/v2\/media?parent=629844"}],"wp:term":[{"taxonomy":"category","embeddable":true,"href":"https:\/\/www.europesays.com\/fr\/wp-json\/wp\/v2\/categories?post=629844"},{"taxonomy":"post_tag","embeddable":true,"href":"https:\/\/www.europesays.com\/fr\/wp-json\/wp\/v2\/tags?post=629844"}],"curies":[{"name":"wp","href":"https:\/\/api.w.org\/{rel}","templated":true}]}}