{"id":629848,"date":"2025-12-30T12:39:09","date_gmt":"2025-12-30T12:39:09","guid":{"rendered":"https:\/\/www.europesays.com\/fr\/629848\/"},"modified":"2025-12-30T12:39:09","modified_gmt":"2025-12-30T12:39:09","slug":"on-met-un-coup-de-pied-dans-la-fourmiliere-la-prefete-devoile-son-bilan","status":"publish","type":"post","link":"https:\/\/www.europesays.com\/fr\/629848\/","title":{"rendered":"\u00ab\u00a0On met un coup de pied dans la fourmili\u00e8re\u00a0\u00bb, la pr\u00e9f\u00e8te d\u00e9voile son bilan"},"content":{"rendered":"<p>                    Par<br \/>\n        <strong><br \/>\n            <a href=\"https:\/\/actu.fr\/auteur\/anthony-soudani\" title=\"Consulter tous les articles de Anthony Soudani\" target=\"_blank\" rel=\"noopener\">Anthony Soudani<\/a><br \/>\n                    <\/strong><\/p>\n<p>        Publi\u00e9 le<\/p>\n<p>            30 d\u00e9c. 2025 \u00e0 12h07        <\/p>\n<p>Des <a href=\"https:\/\/actu.fr\/auvergne-rhone-alpes\/venissieux_69259\/tirs-a-l-arme-de-guerre-pres-de-lyon-que-font-nos-autorites-la-prefete-repond-aux-critiques_63631175.html\" target=\"_blank\" rel=\"noopener\">tirs \u00e0 l\u2019arme de guerre<\/a> \u00e0 V\u00e9nissieux, <a href=\"https:\/\/actu.fr\/auvergne-rhone-alpes\/vaulx-en-velin_69256\/pres-de-lyon-un-homme-tue-par-balles-en-pleine-rue-le-tireur-toujours-recherche_63629043.html\" target=\"_blank\" rel=\"noopener\">un homme tu\u00e9 sur un point de deal<\/a> \u00e0 Vaulx-en-Velin\u2026 Face \u00e0 la menace du narcotrafic dans la m\u00e9tropole de Lyon et la mont\u00e9e de l\u2019ins\u00e9curit\u00e9 dans plusieurs quartiers, <strong>la pr\u00e9f\u00e8te du Rh\u00f4ne, Fabienne Buccio, se montre ferme<\/strong>. Dans une interview exclusive accord\u00e9e \u00e0 actu Lyon ce mardi 30 d\u00e9cembre, elle tire un premier bilan encourageant de son action ces six derniers mois sur le territoire, depuis la mise en place de la loi Narcotrafic.<\/p>\n<p>Une quinzaine de points de deal d\u00e9mantel\u00e9s en 2025<\/p>\n<p class=\"ac-article-content__question wall-content\"><strong class=\"color-primary\">Actu : <\/strong>La loi Narcotrafic est en vigueur depuis le 13 juin 2025. Vous avez donc maintenant pratiquement six mois de recul. Produit-elle les effets escompt\u00e9s dans la m\u00e9tropole de Lyon ?<\/p>\n<p class=\" wall-content\"><strong class=\"color-primary\">Fabienne Buccio : <\/strong>La loi Narcotrafic nous apporte des outils suppl\u00e9mentaires et nous permet de faire plus et d\u2019\u00eatre plus efficaces. Il y a eu plusieurs arrestations et nous avons pu remonter jusqu\u2019aux donneurs d\u2019ordre. Nous avons d\u00e9mantel\u00e9 en 2025 au moins une quinzaine de points de deal. <\/p>\n<p>Il y a un exemple tr\u00e8s positif, m\u00eame s\u2019il faut \u00eatre prudent et humble sur ce sujet, et penser aux habitants qui vivent \u00e0 c\u00f4t\u00e9 de tout cela : c\u2019est l\u2019exemple du quartier du Tonkin, \u00e0 Villeurbanne. Nous avons r\u00e9ellement d\u00e9mantel\u00e9 les huit points de deal dans le secteur Brel, pr\u00e8s du parc et de l\u2019arr\u00eat de tramway. <br \/>Aujourd\u2019hui, \u00e7a se sent, \u00e7a se voit, \u00e7a se vit : la situation est bien meilleure \u00e0 Villeurbanne. Nous avons travaill\u00e9 en tr\u00e8s bonne intelligence avec la mairie, qui n\u2019a jamais h\u00e9sit\u00e9 \u00e0 prendre des d\u00e9cisions pour nous aider.<\/p>\n<p>Toutefois, ce travail n\u2019est pas termin\u00e9. Il faut rester prudent et vigilant.<\/p>\n<p>Des expulsions des logements sociaux de familles li\u00e9es au trafic en cours<\/p>\n<p class=\"ac-article-content__question wall-content\">La loi contre le narcotrafic renforce les pr\u00e9rogatives en mati\u00e8re d\u2019expulsion des logements sociaux des familles li\u00e9es au trafic. Qu&rsquo;en est-il dans le d\u00e9partement et la m\u00e9tropole ?<\/p>\n<p class=\" wall-content\"><strong class=\"color-primary\">F.B. : <\/strong>\u00c0 ce jour, j\u2019ai mis en demeure 4 bailleurs pour qu\u2019ils puissent saisir le juge en r\u00e9siliation de bail suite \u00e0 des troubles graves \u00e0 l\u2019ordre public li\u00e9s au trafic de stup\u00e9fiants (trois en zone police dans le quartier du Tonkin \u00e0 Villeurbanne, \u00e0 V\u00e9nissieux et Oullins-Pierre-B\u00e9nite, un en zone gendarmerie \u00e0 Tarare). J\u2019ai \u00e9galement envoy\u00e9 6 courriers \u00e0 d\u2019autres bailleurs, pour leur demander de saisir le juge en r\u00e9siliation de bail suite \u00e0 des troubles graves \u00e0 l\u2019ordre public commis dans l\u2019environnement du logement (5 en zone gendarmerie, 1 en zone police).<\/p>\n<p>Nous \u00e9tudions actuellement six autres dossiers qui devraient bient\u00f4t aboutir, dont 5 sur Rillieux-la-Pape. Notre action a un effet levier aupr\u00e8s des bailleurs\u00a0: \u00e0 leur niveau, pr\u00e8s d\u2019une cinquantaine de proc\u00e9dures d\u2019expulsion \u00e0 leur initiative ont \u00e9t\u00e9 enclench\u00e9es.<\/p>\n<p class=\"ac-article-content__question wall-content\">La loi Narcotrafic permet \u00e9galement de prendre des arr\u00eat\u00e9s d&rsquo;interdiction de para\u00eetre sur un point de deal. Quels en sont les r\u00e9sultats ?<\/p>\n<p class=\" wall-content\"><strong class=\"color-primary\">F.B. : <\/strong>Depuis le 12 ao\u00fbt 2025, 115 arr\u00eat\u00e9s d\u2019interdiction de para\u00eetre sur un point de deal ont \u00e9t\u00e9 sign\u00e9s dans l\u2019agglom\u00e9ration lyonnaise. <br \/>En zone police, les individus vis\u00e9s se situaient sur les communes de Lyon 3e, 7e, 8e et 9e (30 arr\u00eat\u00e9s sur Lyon), V\u00e9nissieux (27 arr\u00eat\u00e9s), Villeurbanne (18 arr\u00eat\u00e9s), Oullins-Pierre-B\u00e9nite (14 arr\u00eat\u00e9s), Meyzieu, Vaulx-en-Velin, Bron, Caluire-et-Cuire, Grigny et Villefranche-sur-Sa\u00f4ne. <br \/>La police nationale a constat\u00e9 22 non-respects qui ont conduit \u00e0 des poursuites p\u00e9nales syst\u00e9matiques. En zone gendarmerie, quatre individus ont \u00e9t\u00e9 interdits de para\u00eetre sur la commune de Saint-Didier-au-Mont-d\u2019Or. <br \/>Ces interdictions viennent utilement compl\u00e9ter le dispositif de pilonnage des points de deal en permettant de s\u2019attaquer aux guetteurs\u00a0qui n\u2019\u00e9taient pas poursuivis judiciairement.<\/p>\n<p>\u00ab\u00a0Quand on met un coup de pied dans la fourmili\u00e8re, cela provoque des r\u00e9actions\u00a0\u00bb<\/p>\n<p class=\"ac-article-content__question wall-content\">Pourtant, les r\u00e8glements de compte continuent de se multiplier dans la m\u00e9tropole de Lyon. Des fusillades se produisent encore r\u00e9guli\u00e8rement. Comment l&rsquo;expliquer aux habitants ?\u00a0<\/p>\n<p class=\" wall-content\"><strong class=\"color-primary\">F.B. : <\/strong>Quand on met un coup de pied dans la fourmili\u00e8re, cela provoque des r\u00e9actions. Mais entre ne rien faire pour garder un calme apparent et laisser la situation se d\u00e9grader jusqu\u2019\u00e0 ce qu\u2019un quartier devienne inaccessible, ce n\u2019est pas un choix possible.<\/p>\n<p>Nous travaillons avec les habitants, nous les informons, nous expliquons pourquoi certaines actions prennent du temps. \u00c0 V\u00e9nissieux, par exemple, l\u2019\u00c9tat et les forces de l\u2019ordre sont tr\u00e8s pr\u00e9sents. Il y a un commissariat dot\u00e9 d\u2019effectifs importants et une brigade sp\u00e9cialis\u00e9e de terrain tr\u00e8s efficace.<\/p>\n<p>Je ne peux pas laisser dire que l\u2019\u00c9tat est absent (NDLR : \u00e0 la suite de critiques de la maire et du d\u00e9put\u00e9 de la circonscription). C\u2019est un manque de reconnaissance du travail quotidien des forces de l\u2019ordre. V\u00e9nissieux fait partie des sept communes du Rh\u00f4ne b\u00e9n\u00e9ficiant du dispositif de r\u00e9unions de tranquillit\u00e9 publique, avec la mairie et le procureur. Ces r\u00e9unions permettent de d\u00e9finir ensemble les priorit\u00e9s et d\u2019agir efficacement.<\/p>\n<p class=\"ac-article-content__question wall-content\">Que disent vos chiffres ? Montrent-ils des signes encourageants ?<\/p>\n<p class=\" wall-content\"><strong class=\"color-primary\">F.B. : <\/strong>Gr\u00e2ce au travail des enqu\u00eateurs de la police judiciaire, dont je veux saluer l\u2019efficacit\u00e9, le nombre de mise en cause pour trafic de stup\u00e9fiants reste \u00e0 1900 trafiquants environ dans le Rh\u00f4ne (stable par rapport \u00e0 2024). <br \/>La police nationale du Rh\u00f4ne a organis\u00e9 26 op\u00e9rations de ville s\u00e9curit\u00e9 renforc\u00e9es sur des secteurs jug\u00e9s prioritaires. Elles ont permis l\u2019interpellation de 498 individus, dont plus d\u2019un 1\/3 d\u2019\u00e9trangers en situation irr\u00e9guli\u00e8re (168). <\/p>\n<p>Nous augmentons la pression sur les consommateurs aussi\u00a0avec + 17\u00a0% d\u2019amendes forfaitaires d\u00e9lictuelles, soit 7944.  Nous avons aussi fortement augment\u00e9 le nombre d\u2019amendes forfaitaires d\u00e9lictuelles pour des occupations de halls d\u2019immeubles\u00a0: 812, soit  une hausse de 69\u00a0%. <\/p>\n<p>La saisie des avoirs criminels est \u00e9galement en forte augmentation de 69\u00a0% par rapport \u00e0 l\u2019ann\u00e9e 2024 pour atteindre plus de 21 millions d\u2019euros (chiffres arr\u00eat\u00e9s au 30 septembre 2025, calcul\u00e9s trimestriellement).<\/p>\n<p class=\" wall-content\">Personnalisez votre actualit\u00e9 en ajoutant vos villes et m\u00e9dias en favori avec <a href=\"https:\/\/moncompte.actu.fr\" title=\"D\u00e9couvez Mon Actu\" rel=\"nofollow noopener\" data-trk=\"{&quot;cta&quot;:{&quot;action&quot;:&quot;https:\\\/\\\/moncompte.actu.fr&quot;,&quot;category&quot;:&quot;mon compte&quot;,&quot;from&quot;:&quot;article footer&quot;,&quot;name&quot;:&quot;Mon actu&quot;,&quot;type&quot;:&quot;cta&quot;}}\" target=\"_blank\">Mon Actu<\/a>.<\/p>\n","protected":false},"excerpt":{"rendered":"Par Anthony Soudani Publi\u00e9 le 30 d\u00e9c. 2025 \u00e0 12h07 Des tirs \u00e0 l\u2019arme de guerre \u00e0 V\u00e9nissieux,&hellip;\n","protected":false},"author":2,"featured_media":629849,"comment_status":"","ping_status":"","sticky":false,"template":"","format":"standard","meta":{"footnotes":""},"categories":[1889],"tags":[1111,11,2430,1777,674,1011,27,2825,2428,813,12,9450,25,104],"class_list":{"0":"post-629848","1":"post","2":"type-post","3":"status-publish","4":"format-standard","5":"has-post-thumbnail","7":"category-lyon","8":"tag-actu","9":"tag-actualites","10":"tag-auvergne-rhone-alpes","11":"tag-eu","12":"tag-europe","13":"tag-fr","14":"tag-france","15":"tag-insecurite","16":"tag-lyon","17":"tag-narcotrafiquants","18":"tag-news","19":"tag-prefecture-du-rhone","20":"tag-republique-francaise","21":"tag-societe"},"share_on_mastodon":{"url":"https:\/\/pubeurope.com\/@fr\/115808564914108467","error":""},"_links":{"self":[{"href":"https:\/\/www.europesays.com\/fr\/wp-json\/wp\/v2\/posts\/629848","targetHints":{"allow":["GET"]}}],"collection":[{"href":"https:\/\/www.europesays.com\/fr\/wp-json\/wp\/v2\/posts"}],"about":[{"href":"https:\/\/www.europesays.com\/fr\/wp-json\/wp\/v2\/types\/post"}],"author":[{"embeddable":true,"href":"https:\/\/www.europesays.com\/fr\/wp-json\/wp\/v2\/users\/2"}],"replies":[{"embeddable":true,"href":"https:\/\/www.europesays.com\/fr\/wp-json\/wp\/v2\/comments?post=629848"}],"version-history":[{"count":0,"href":"https:\/\/www.europesays.com\/fr\/wp-json\/wp\/v2\/posts\/629848\/revisions"}],"wp:featuredmedia":[{"embeddable":true,"href":"https:\/\/www.europesays.com\/fr\/wp-json\/wp\/v2\/media\/629849"}],"wp:attachment":[{"href":"https:\/\/www.europesays.com\/fr\/wp-json\/wp\/v2\/media?parent=629848"}],"wp:term":[{"taxonomy":"category","embeddable":true,"href":"https:\/\/www.europesays.com\/fr\/wp-json\/wp\/v2\/categories?post=629848"},{"taxonomy":"post_tag","embeddable":true,"href":"https:\/\/www.europesays.com\/fr\/wp-json\/wp\/v2\/tags?post=629848"}],"curies":[{"name":"wp","href":"https:\/\/api.w.org\/{rel}","templated":true}]}}