{"id":629854,"date":"2025-12-30T12:43:10","date_gmt":"2025-12-30T12:43:10","guid":{"rendered":"https:\/\/www.europesays.com\/fr\/629854\/"},"modified":"2025-12-30T12:43:10","modified_gmt":"2025-12-30T12:43:10","slug":"retards-suppressions-la-circulation-des-trains-paris-londres-lourdement-perturbee-ce-mardi","status":"publish","type":"post","link":"https:\/\/www.europesays.com\/fr\/629854\/","title":{"rendered":"retards, suppressions&#8230; La circulation des trains Paris-Londres lourdement perturb\u00e9e ce mardi"},"content":{"rendered":"<p>                    Par<br \/>\n        <strong><br \/>\n            <a href=\"https:\/\/actu.fr\/auteur\/julie-bossart-actu-fr\" title=\"Consulter tous les articles de Julie Bossart\" target=\"_blank\" rel=\"noopener\">Julie Bossart<\/a><br \/>\n                    <\/strong><\/p>\n<p>        Publi\u00e9 le<\/p>\n<p>            30 d\u00e9c. 2025 \u00e0 12h45        <\/p>\n<p>Jusqu\u2019\u00e0 trois heures de retard, des trains supprim\u00e9s\u2026 La circulation de l\u2019Eurostar entre <a href=\"https:\/\/actu.fr\/tag\/gare-du-nord\" target=\"_blank\" rel=\"noopener\">Paris gare du Nord<\/a> et Londres, mais aussi Londres et Bruxelles, conna\u00eet un bon cafouillage ce mardi 30\u00a0d\u00e9cembre 2025, a rep\u00e9r\u00e9 <a href=\"https:\/\/x.com\/RTLFrance\/status\/2005957757216702556\">RTL<\/a>. En cause, indique la compagnie sur son <a href=\"https:\/\/www.eurostar.com\/uk-en\/travel-info\/timetable\/7015400\/8727100\/london-st-pancras-intl\/paris-gare-du-nord\" target=\"_blank\" rel=\"noopener\">site Internet<\/a>\u2009: un \u00ab\u2009probl\u00e8me d\u2019alimentation \u00e9lectrique dans le tunnel sous la Manche\u2009\u00bb ainsi qu\u2019un \u00ab\u2009probl\u00e8me technique sur un train Le Shuttle\u2009\u00bb.<\/p>\n<p>Quatre trains Paris-Londres d\u00e9j\u00e0 supprim\u00e9s cet apr\u00e8s-midi<\/p>\n<p class=\" wall-content\">En cons\u00e9quence, l\u2019entreprise ferroviaire conseille \u00ab\u2009vivement \u00e0 tous [ses] passagers de reporter leur voyage<a href=\"https:\/\/actu.fr\/tag\/transmanche\" target=\"_blank\" rel=\"noopener\"> transmanche<\/a> \u00e0 une autre date \u00ab\u2009Elle les remercie m\u00eame \u00ab\u2009d\u2019\u00e9viter de [se] rendre \u00e0 la gare, sauf si vous avez d\u00e9j\u00e0 un billet pour voyager aujourd\u2019hui\u2009\u00bb.<\/p>\n<p class=\" wall-content\">\n<p class=\" wall-content\">Sur X, certains passagers affirment \u00eatre bloqu\u00e9s depuis trois heures voire plus dans leur train.<\/p>\n<p class=\" wall-content\">\n<p class=\" wall-content\">\u00c0 cette heure, trois trains devant faire la liaison entre Londres et Paris aujourd\u2019hui sont annul\u00e9s. Il s\u2019agit de ceux de 14\u2009h\u200931, 15\u2009h\u200931 et 20\u2009h\u200901. Ceux faisant la jonction entre Paris et Londres, initialement pr\u00e9vus \u00e0 15\u2009h\u200912, 17\u2009h\u200912, 20\u2009h\u200912 et 21\u2009h\u200912, sont eux aussi annul\u00e9s.<\/p>\n<p class=\" wall-content\">Personnalisez votre actualit\u00e9 en ajoutant vos villes et m\u00e9dias en favori avec <a href=\"https:\/\/moncompte.actu.fr\" title=\"D\u00e9couvez Mon Actu\" rel=\"nofollow noopener\" data-trk=\"{&quot;cta&quot;:{&quot;action&quot;:&quot;https:\\\/\\\/moncompte.actu.fr&quot;,&quot;category&quot;:&quot;mon compte&quot;,&quot;from&quot;:&quot;article footer&quot;,&quot;name&quot;:&quot;Mon actu&quot;,&quot;type&quot;:&quot;cta&quot;}}\" target=\"_blank\">Mon Actu<\/a>.<\/p>\n","protected":false},"excerpt":{"rendered":"Par Julie Bossart Publi\u00e9 le 30 d\u00e9c. 2025 \u00e0 12h45 Jusqu\u2019\u00e0 trois heures de retard, des trains supprim\u00e9s\u2026&hellip;\n","protected":false},"author":2,"featured_media":629855,"comment_status":"","ping_status":"","sticky":false,"template":"","format":"standard","meta":{"footnotes":""},"categories":[1888],"tags":[1111,1928,11,1927,1777,674,1011,27,14904,12,1926,626,1925,25,104,64330,2803],"class_list":{"0":"post-629854","1":"post","2":"type-post","3":"status-publish","4":"format-standard","5":"has-post-thumbnail","7":"category-paris","8":"tag-actu","9":"tag-actu-paris","10":"tag-actualites","11":"tag-actualites-paris","12":"tag-eu","13":"tag-europe","14":"tag-fr","15":"tag-france","16":"tag-gare-du-nord","17":"tag-news","18":"tag-news-paris","19":"tag-paris","20":"tag-paris-news","21":"tag-republique-francaise","22":"tag-societe","23":"tag-transmanche","24":"tag-transport"},"share_on_mastodon":{"url":"https:\/\/pubeurope.com\/@fr\/115808580671588214","error":""},"_links":{"self":[{"href":"https:\/\/www.europesays.com\/fr\/wp-json\/wp\/v2\/posts\/629854","targetHints":{"allow":["GET"]}}],"collection":[{"href":"https:\/\/www.europesays.com\/fr\/wp-json\/wp\/v2\/posts"}],"about":[{"href":"https:\/\/www.europesays.com\/fr\/wp-json\/wp\/v2\/types\/post"}],"author":[{"embeddable":true,"href":"https:\/\/www.europesays.com\/fr\/wp-json\/wp\/v2\/users\/2"}],"replies":[{"embeddable":true,"href":"https:\/\/www.europesays.com\/fr\/wp-json\/wp\/v2\/comments?post=629854"}],"version-history":[{"count":0,"href":"https:\/\/www.europesays.com\/fr\/wp-json\/wp\/v2\/posts\/629854\/revisions"}],"wp:featuredmedia":[{"embeddable":true,"href":"https:\/\/www.europesays.com\/fr\/wp-json\/wp\/v2\/media\/629855"}],"wp:attachment":[{"href":"https:\/\/www.europesays.com\/fr\/wp-json\/wp\/v2\/media?parent=629854"}],"wp:term":[{"taxonomy":"category","embeddable":true,"href":"https:\/\/www.europesays.com\/fr\/wp-json\/wp\/v2\/categories?post=629854"},{"taxonomy":"post_tag","embeddable":true,"href":"https:\/\/www.europesays.com\/fr\/wp-json\/wp\/v2\/tags?post=629854"}],"curies":[{"name":"wp","href":"https:\/\/api.w.org\/{rel}","templated":true}]}}