{"id":629858,"date":"2025-12-30T12:45:10","date_gmt":"2025-12-30T12:45:10","guid":{"rendered":"https:\/\/www.europesays.com\/fr\/629858\/"},"modified":"2025-12-30T12:45:10","modified_gmt":"2025-12-30T12:45:10","slug":"paris-un-homme-agresse-deux-personnes-avec-une-tete-de-marteau-dans-la-ligne-3-du-metro","status":"publish","type":"post","link":"https:\/\/www.europesays.com\/fr\/629858\/","title":{"rendered":"Paris\u00a0: un homme agresse deux personnes avec une t\u00eate de marteau dans la ligne 3 du m\u00e9tro"},"content":{"rendered":"<p class=\"paragraph text_align_left lp-f-body-02\">Les voyageurs du m\u00e9tro qui ont assist\u00e9 \u00e0 la sc\u00e8ne en sont rest\u00e9s sid\u00e9r\u00e9s. Lundi apr\u00e8s-midi, en d\u00e9but d\u2019apr\u00e8s-midi, un individu arm\u00e9 d\u2019une t\u00eate de marteau a attaqu\u00e9 deux passagers \u00e0 la station Temple, <a href=\"https:\/\/www.leparisien.fr\/paris-75\/la-garde-a-vue-de-lhomme-accuse-davoir-poignarde-trois-femmes-dans-le-metro-parisien-levee-pour-raison-psychiatrique-27-12-2025-ORIP5A3RBBHBBP756ISCAW3QFQ.php\" target=\"_self\" rel=\"noopener\">sur la ligne 3 du m\u00e9tro parisien<\/a>.<\/p>\n<p class=\"\">Tout commence \u00e0 13 heures lorsque la Brigade des r\u00e9seaux franciliens (BRF) est alert\u00e9e par la <a href=\"https:\/\/www.leparisien.fr\/info-paris-ile-de-france-oise\/transports\/ratp\/\" target=\"_self\" rel=\"noopener\">RATP<\/a> de la pr\u00e9sence d\u2019un homme mena\u00e7ant les voyageurs avec une arme blanche \u00e0 la station Temple <a href=\"https:\/\/www.leparisien.fr\/paris-75\/paris-75003\/\" target=\"_self\" rel=\"noopener\">(IIIe arrondissement)<\/a>. Les policiers du secteur interviennent rapidement sur place et interpellent rapidement l\u2019homme, qui sort de la rame, explique une source polici\u00e8re au Parisien.<\/p>\n<p class=\"\">D\u2019apr\u00e8s les premiers \u00e9l\u00e9ments de l\u2019enqu\u00eate, le mis en cause aurait tent\u00e9 de voler un passager qui a refus\u00e9 d\u2019obtemp\u00e9rer. L\u2019agresseur a alors sorti ce qui a d\u2019abord \u00e9t\u00e9 d\u00e9crit comme un barreau de chaise en m\u00e9tal pour frapper sa victime. Il s\u2019agissait en r\u00e9alit\u00e9 de la partie m\u00e9tallique d\u2019un marteau sans son manche. Selon le parquet de <a href=\"https:\/\/www.leparisien.fr\/paris-75\/\" target=\"_self\" rel=\"noopener\">Paris<\/a>, l\u2019homme aurait exig\u00e9 que sa victime lui remette tous ses effets avant de la frapper au visage.<\/p>\n<p class=\"\">Cette derni\u00e8re a \u00e9t\u00e9 l\u00e9g\u00e8rement bless\u00e9e \u00e0 l\u2019arcade sourcili\u00e8re et transport\u00e9e \u00e0 l\u2019h\u00f4pital. Le parquet pr\u00e9cise qu\u2019elle s\u2019est vue reconna\u00eetre 8 jours d\u2019incapacit\u00e9 totale de travail (ITT). De son c\u00f4t\u00e9, la RATP, qui \u00ab condamne avec la plus grande fermet\u00e9 cet acte de violence et apporte tout son soutien \u00e0 la victime \u00bb pr\u00e9cise que \u00ab la cellule d\u2019aide et d\u2019assistance aux victime de la RATP a \u00e9t\u00e9 activ\u00e9e \u00bb<\/p>\n<p>Le suspect en \u00e9tat d\u2019\u00e9bri\u00e9t\u00e9<\/p>\n<p class=\"\">\u00c0 l\u2019arriv\u00e9e des forces de l\u2019ordre, le mis en cause, \u00e2g\u00e9 de 26 ans, est sorti de la rame et a jet\u00e9 la t\u00eate du marteau au sol. L\u2019homme \u00e9tait par ailleurs dans un fort \u00e9tat d\u2019\u00e9bri\u00e9t\u00e9, pr\u00e9sentant un taux d\u2019alcool\u00e9mie de 0,40 mg\/L d\u2019air expir\u00e9 en phase ascendante, selon le parquet. Le suspect, d\u00e9j\u00e0 connu des services de police \u00ab de nombreuses fois pour des faits de violences \u00bb, se d\u00e9clare schizophr\u00e8ne, selon notre source polici\u00e8re.<\/p>\n<p class=\"\">Surtout, le parquet de Paris indique que l\u2019homme n\u2019en \u00e9tait pas \u00e0 sa premi\u00e8re agression. En effet, l\u2019exploitation de la vid\u00e9o surveillance a r\u00e9v\u00e9l\u00e9 qu\u2019il s\u2019en \u00e9tait pris \u00ab quelques instants auparavant \u00bb \u00e0 un mineur \u00e2g\u00e9 de 17 ans, \u00e9galement avec la t\u00eate de marteau. Depuis, une enqu\u00eate pour tentative de meurtre a \u00e9t\u00e9 ouverte. Elle a \u00e9t\u00e9 confi\u00e9e \u00e0 la s\u00fbret\u00e9 r\u00e9gionale des transports (SRT).<\/p>\n","protected":false},"excerpt":{"rendered":"Les voyageurs du m\u00e9tro qui ont assist\u00e9 \u00e0 la sc\u00e8ne en sont rest\u00e9s sid\u00e9r\u00e9s. Lundi apr\u00e8s-midi, en d\u00e9but&hellip;\n","protected":false},"author":2,"featured_media":629859,"comment_status":"","ping_status":"","sticky":false,"template":"","format":"standard","meta":{"footnotes":""},"categories":[1888],"tags":[11,1777,674,1011,27,1944,12,626,25],"class_list":{"0":"post-629858","1":"post","2":"type-post","3":"status-publish","4":"format-standard","5":"has-post-thumbnail","7":"category-paris","8":"tag-actualites","9":"tag-eu","10":"tag-europe","11":"tag-fr","12":"tag-france","13":"tag-ma-ville","14":"tag-news","15":"tag-paris","16":"tag-republique-francaise"},"share_on_mastodon":{"url":"https:\/\/pubeurope.com\/@fr\/115808588572537039","error":""},"_links":{"self":[{"href":"https:\/\/www.europesays.com\/fr\/wp-json\/wp\/v2\/posts\/629858","targetHints":{"allow":["GET"]}}],"collection":[{"href":"https:\/\/www.europesays.com\/fr\/wp-json\/wp\/v2\/posts"}],"about":[{"href":"https:\/\/www.europesays.com\/fr\/wp-json\/wp\/v2\/types\/post"}],"author":[{"embeddable":true,"href":"https:\/\/www.europesays.com\/fr\/wp-json\/wp\/v2\/users\/2"}],"replies":[{"embeddable":true,"href":"https:\/\/www.europesays.com\/fr\/wp-json\/wp\/v2\/comments?post=629858"}],"version-history":[{"count":0,"href":"https:\/\/www.europesays.com\/fr\/wp-json\/wp\/v2\/posts\/629858\/revisions"}],"wp:featuredmedia":[{"embeddable":true,"href":"https:\/\/www.europesays.com\/fr\/wp-json\/wp\/v2\/media\/629859"}],"wp:attachment":[{"href":"https:\/\/www.europesays.com\/fr\/wp-json\/wp\/v2\/media?parent=629858"}],"wp:term":[{"taxonomy":"category","embeddable":true,"href":"https:\/\/www.europesays.com\/fr\/wp-json\/wp\/v2\/categories?post=629858"},{"taxonomy":"post_tag","embeddable":true,"href":"https:\/\/www.europesays.com\/fr\/wp-json\/wp\/v2\/tags?post=629858"}],"curies":[{"name":"wp","href":"https:\/\/api.w.org\/{rel}","templated":true}]}}