{"id":629860,"date":"2025-12-30T12:46:10","date_gmt":"2025-12-30T12:46:10","guid":{"rendered":"https:\/\/www.europesays.com\/fr\/629860\/"},"modified":"2025-12-30T12:46:10","modified_gmt":"2025-12-30T12:46:10","slug":"nouvelle-attaque-sur-la-ligne-3-du-metro-a-paris-deux-personnes-blessees-a-coups-de-marteau","status":"publish","type":"post","link":"https:\/\/www.europesays.com\/fr\/629860\/","title":{"rendered":"nouvelle attaque sur la ligne 3 du m\u00e9tro \u00e0 Paris, deux personnes bless\u00e9es \u00e0 coups de marteau"},"content":{"rendered":"<p>                    Par<br \/>\n        <strong><br \/>\n            <a href=\"https:\/\/actu.fr\/auteur\/antoine-blanchet\" title=\"Consulter tous les articles de Antoine Blanchet\" target=\"_blank\" rel=\"noopener\">Antoine Blanchet<\/a><br \/>\n                    <\/strong><\/p>\n<p>        Publi\u00e9 le<\/p>\n<p>            30 d\u00e9c. 2025 \u00e0 12h12        <\/p>\n<p>Une nouvelle agression quelques jours apr\u00e8s <a href=\"https:\/\/actu.fr\/ile-de-france\/paris_75056\/triple-agression-au-couteau-dans-le-metro-a-paris-la-garde-a-vue-du-suspect-levee-pour-raison-psychiatrique_63627893.html\" target=\"_blank\" rel=\"noopener\">l\u2019attaque au couteau<\/a> survenue sur le m\u00eame tron\u00e7on du m\u00e9tro de <a href=\"https:\/\/actu.fr\/paris\/\" target=\"_blank\" rel=\"noopener\">Paris<\/a>. Lundi 29 d\u00e9cembre 2025, un homme arm\u00e9 d\u2019une t\u00eate de marteau <strong>s\u2019en est pris \u00e0 deux usagers<\/strong> de la ligne 3, nous indique le parquet confirmant une information <a href=\"https:\/\/www.francebleu.fr\/infos\/faits-divers-justice\/paris-une-attaque-au-marteau-dans-le-metro-fait-deux-blesses-legers-un-suspect-interpelle-5501259\" target=\"_blank\" rel=\"noopener\">d\u2019ICI Paris<\/a>. Les deux victimes ont \u00e9t\u00e9 l\u00e9g\u00e8rement bless\u00e9es. L\u2019individu a \u00e9t\u00e9 interpell\u00e9.\u00a0<\/p>\n<p>Enqu\u00eate ouverte pour tentative de meurtre<\/p>\n<p class=\" wall-content\">Les faits se sont produits au niveau de la<strong> station Temple<\/strong> vers 13h. Une jeune femme a \u00e9t\u00e9 frapp\u00e9 au visage par l\u2019homme qui lui aurait demand\u00e9 de lui donner ses affaires personnelles, pr\u00e9cise le parquet. L\u2019homme s\u2019en serait ensuite pris \u00e0 un jeune de 17 ans avant d\u2019attaquer des policiers. La premi\u00e8re victime, bless\u00e9e au niveau de l\u2019arcade sourcilli\u00e8re, s\u2019est vue octroyer huit jours d\u2019incapacit\u00e9 totale de travail.\u00a0<\/p>\n<p class=\" wall-content\">Plac\u00e9 en garde \u00e0 vue, le suspect \u00e2g\u00e9 de 26 ans et ressortissant roumain \u00e9tait en \u00e9tat d\u2019\u00e9bri\u00e9t\u00e9, pr\u00e9cise le parquet. Une enqu\u00eate a \u00e9t\u00e9 ouverte pour <a href=\"https:\/\/actu.fr\/tag\/meurtre\" target=\"_blank\" rel=\"noopener\">tentative de meurtre<\/a>. Les investigations sont confi\u00e9es \u00e0 la s\u00fbret\u00e9 r\u00e9gionale des transports.\u00a0<\/p>\n<p class=\" wall-content\">Personnalisez votre actualit\u00e9 en ajoutant vos villes et m\u00e9dias en favori avec <a href=\"https:\/\/moncompte.actu.fr\" title=\"D\u00e9couvez Mon Actu\" rel=\"nofollow noopener\" data-trk=\"{&quot;cta&quot;:{&quot;action&quot;:&quot;https:\\\/\\\/moncompte.actu.fr&quot;,&quot;category&quot;:&quot;mon compte&quot;,&quot;from&quot;:&quot;article footer&quot;,&quot;name&quot;:&quot;Mon actu&quot;,&quot;type&quot;:&quot;cta&quot;}}\" target=\"_blank\">Mon Actu<\/a>.<\/p>\n","protected":false},"excerpt":{"rendered":"Par Antoine Blanchet Publi\u00e9 le 30 d\u00e9c. 2025 \u00e0 12h12 Une nouvelle agression quelques jours apr\u00e8s l\u2019attaque au&hellip;\n","protected":false},"author":2,"featured_media":629861,"comment_status":"","ping_status":"","sticky":false,"template":"","format":"standard","meta":{"footnotes":""},"categories":[1888],"tags":[11,1777,674,118,1011,27,12,626,1072,625,25],"class_list":{"0":"post-629860","1":"post","2":"type-post","3":"status-publish","4":"format-standard","5":"has-post-thumbnail","7":"category-paris","8":"tag-actualites","9":"tag-eu","10":"tag-europe","11":"tag-faits-divers","12":"tag-fr","13":"tag-france","14":"tag-news","15":"tag-paris","16":"tag-police","17":"tag-ratp","18":"tag-republique-francaise"},"share_on_mastodon":{"url":"https:\/\/pubeurope.com\/@fr\/115808592449935932","error":""},"_links":{"self":[{"href":"https:\/\/www.europesays.com\/fr\/wp-json\/wp\/v2\/posts\/629860","targetHints":{"allow":["GET"]}}],"collection":[{"href":"https:\/\/www.europesays.com\/fr\/wp-json\/wp\/v2\/posts"}],"about":[{"href":"https:\/\/www.europesays.com\/fr\/wp-json\/wp\/v2\/types\/post"}],"author":[{"embeddable":true,"href":"https:\/\/www.europesays.com\/fr\/wp-json\/wp\/v2\/users\/2"}],"replies":[{"embeddable":true,"href":"https:\/\/www.europesays.com\/fr\/wp-json\/wp\/v2\/comments?post=629860"}],"version-history":[{"count":0,"href":"https:\/\/www.europesays.com\/fr\/wp-json\/wp\/v2\/posts\/629860\/revisions"}],"wp:featuredmedia":[{"embeddable":true,"href":"https:\/\/www.europesays.com\/fr\/wp-json\/wp\/v2\/media\/629861"}],"wp:attachment":[{"href":"https:\/\/www.europesays.com\/fr\/wp-json\/wp\/v2\/media?parent=629860"}],"wp:term":[{"taxonomy":"category","embeddable":true,"href":"https:\/\/www.europesays.com\/fr\/wp-json\/wp\/v2\/categories?post=629860"},{"taxonomy":"post_tag","embeddable":true,"href":"https:\/\/www.europesays.com\/fr\/wp-json\/wp\/v2\/tags?post=629860"}],"curies":[{"name":"wp","href":"https:\/\/api.w.org\/{rel}","templated":true}]}}