{"id":629874,"date":"2025-12-30T12:53:11","date_gmt":"2025-12-30T12:53:11","guid":{"rendered":"https:\/\/www.europesays.com\/fr\/629874\/"},"modified":"2025-12-30T12:53:11","modified_gmt":"2025-12-30T12:53:11","slug":"atp-stan-wawrinka-sur-sa-grande-decision-jai-eu-le-temps-de-decider-au-cours-de-ces-derniers-mois-si-ce-serait-ma-derniere-annee-ou-pas-pour-moi-cetait-assez-clair-et-je-suis-content-avec-ce","status":"publish","type":"post","link":"https:\/\/www.europesays.com\/fr\/629874\/","title":{"rendered":"ATP > Stan Wawrinka, sur sa grande d\u00e9cision : \u00ab\u00a0J&rsquo;ai eu le temps de d\u00e9cider au cours de ces derniers mois si ce serait ma derni\u00e8re ann\u00e9e ou pas. Pour moi, c&rsquo;\u00e9tait assez clair et je suis content avec cette d\u00e9cision. Je suis en paix avec cela\u00a0\u00bb"},"content":{"rendered":"<p>Quelques semaines apr\u00e8s avoir annonc\u00e9 que la saison 2026 sera la derni\u00e8re de son immense carri\u00e8re, Stan Wawrinka, qui aura 41 ans le 28 mars prochain, s\u2019est exprim\u00e9 chez nos confr\u00e8res suisses de 20\u202fminutes \u00e0 propos de cette d\u00e9ci\u00adsion impor\u00adtante et in\u00e9luctable.\u00a0<\/p>\n<p><strong>\u00ab\u202fJ\u2019ai eu le temps de d\u00e9cider au cours de ces derniers mois si ce serait ma derni\u00e8re ann\u00e9e ou pas. Pour moi, c\u2019\u00e9tait assez clair et je suis content avec cette d\u00e9ci\u00adsion. Je suis en paix avec cela. Comme je l\u2019ai dit, j\u2019attends avec impa\u00adtience cette ann\u00e9e 2026. Une ann\u00e9e, c\u2019est long. Il y a beau\u00adcoup de choses \u00e0 faire et de tennis \u00e0 prati\u00adquer, que j\u2019esp\u00e8re \u00e0 un bon niveau. Je vais en profiter et essayer de faire de mon mieux pour obtenir les meilleurs r\u00e9sul\u00adtats possibles.\u202f\u00bb<br \/><\/strong><\/p>\n<p class=\"post-published-date\" style=\"color: silver; font-size: 75%; text-align: left;\">Publi\u00e9 le mardi 30 d\u00e9cembre 2025 \u00e0 13:28<\/p>\n","protected":false},"excerpt":{"rendered":"Quelques semaines apr\u00e8s avoir annonc\u00e9 que la saison 2026 sera la derni\u00e8re de son immense carri\u00e8re, Stan Wawrinka,&hellip;\n","protected":false},"author":2,"featured_media":629875,"comment_status":"","ping_status":"","sticky":false,"template":"","format":"standard","meta":{"footnotes":""},"categories":[1586],"tags":[11,1777,674,1779,1011,27,12,25,1754,1778,364],"class_list":{"0":"post-629874","1":"post","2":"type-post","3":"status-publish","4":"format-standard","5":"has-post-thumbnail","7":"category-europe","8":"tag-actualites","9":"tag-eu","10":"tag-europe","11":"tag-european-union","12":"tag-fr","13":"tag-france","14":"tag-news","15":"tag-republique-francaise","16":"tag-stan-wawrinka","17":"tag-ue","18":"tag-union-europeenne"},"share_on_mastodon":{"url":"https:\/\/pubeurope.com\/@fr\/115808620104253637","error":""},"_links":{"self":[{"href":"https:\/\/www.europesays.com\/fr\/wp-json\/wp\/v2\/posts\/629874","targetHints":{"allow":["GET"]}}],"collection":[{"href":"https:\/\/www.europesays.com\/fr\/wp-json\/wp\/v2\/posts"}],"about":[{"href":"https:\/\/www.europesays.com\/fr\/wp-json\/wp\/v2\/types\/post"}],"author":[{"embeddable":true,"href":"https:\/\/www.europesays.com\/fr\/wp-json\/wp\/v2\/users\/2"}],"replies":[{"embeddable":true,"href":"https:\/\/www.europesays.com\/fr\/wp-json\/wp\/v2\/comments?post=629874"}],"version-history":[{"count":0,"href":"https:\/\/www.europesays.com\/fr\/wp-json\/wp\/v2\/posts\/629874\/revisions"}],"wp:featuredmedia":[{"embeddable":true,"href":"https:\/\/www.europesays.com\/fr\/wp-json\/wp\/v2\/media\/629875"}],"wp:attachment":[{"href":"https:\/\/www.europesays.com\/fr\/wp-json\/wp\/v2\/media?parent=629874"}],"wp:term":[{"taxonomy":"category","embeddable":true,"href":"https:\/\/www.europesays.com\/fr\/wp-json\/wp\/v2\/categories?post=629874"},{"taxonomy":"post_tag","embeddable":true,"href":"https:\/\/www.europesays.com\/fr\/wp-json\/wp\/v2\/tags?post=629874"}],"curies":[{"name":"wp","href":"https:\/\/api.w.org\/{rel}","templated":true}]}}