{"id":629878,"date":"2025-12-30T12:55:13","date_gmt":"2025-12-30T12:55:13","guid":{"rendered":"https:\/\/www.europesays.com\/fr\/629878\/"},"modified":"2025-12-30T12:55:13","modified_gmt":"2025-12-30T12:55:13","slug":"donald-trump-recevra-un-prix-de-la-paix-de-la-part-disrael-en-2026","status":"publish","type":"post","link":"https:\/\/www.europesays.com\/fr\/629878\/","title":{"rendered":"Donald Trump recevra un prix de la paix de la part d&rsquo;Isra\u00ebl en 2026"},"content":{"rendered":"<p>\n    Les Isra\u00e9liens \u00abappr\u00e9cient ce que vous avez fait pour aider Isra\u00ebl et pour soutenir notre combat\u00bb contre le Hamas \u00e0 Gaza, a d\u00e9clar\u00e9 le premier ministre isra\u00e9lien Benyamin Netanyahou.<\/p>\n<p class=\"fig-paragraph\"><a href=\"http:\/\/www.lefigaro.fr\/international\/donald-trump-tente-d-imposer-sa-paix-en-ukraine-sans-facher-la-russie-20251229\" data-fig-type=\"Article\" data-gtm-custom-categorie=\"navigation\" data-gtm-custom-action=\"crossclick\" data-gtm-custom-label=\"Contextuel\" data-gtm-event=\"customEventSPE\" data-fig-domain=\"LEFIGARO\" target=\"_blank\" rel=\"noopener\">Donald Trump<\/a>\u00a0recevra un prix de la paix de la part d&rsquo;Isra\u00ebl en 2026, a annonc\u00e9 lundi\u00a0<a href=\"https:\/\/www.lefigaro.fr\/tag\/benyamin-netanyahou\" target=\"_blank\" rel=\"sponsored noopener\" data-gtm-custom-categorie=\"navigation\" data-gtm-custom-action=\"crossclick\" data-gtm-custom-label=\"Contextuel\" data-gtm-event=\"customEventSPE\">Benyamin Netanyahou<\/a>\u00a0lors d&rsquo;une conf\u00e9rence de presse en\u00a0<a href=\"https:\/\/www.lefigaro.fr\/tag\/floride\" target=\"_blank\" rel=\"sponsored noopener\" data-gtm-custom-categorie=\"navigation\" data-gtm-custom-action=\"crossclick\" data-gtm-custom-label=\"Contextuel\" data-gtm-event=\"customEventSPE\">Floride<\/a>\u00a0aux c\u00f4t\u00e9s du pr\u00e9sident am\u00e9ricain. Les Isra\u00e9liens \u00abappr\u00e9cient ce que vous avez fait pour aider Isra\u00ebl et pour soutenir notre combat\u00bb contre le Hamas \u00e0 Gaza, a d\u00e9clar\u00e9 le premier ministre isra\u00e9lien. En annon\u00e7ant remettre \u00e0 Donald Trump ce prix de la paix, la plus haute distinction civile isra\u00e9lienne, Benyamin Netanyahou rompt avec une tradition vieille de plusieurs d\u00e9cennies consistant \u00e0 le d\u00e9cerner \u00e0 un citoyen isra\u00e9lien.<\/p>\n<p class=\"fig-paragraph\">Le pr\u00e9sident am\u00e9ricain, visiblement ravi, s&rsquo;est d\u00e9clar\u00e9 \u00abtr\u00e8s surpris\u00bb et \u00abtouch\u00e9\u00bb de recevoir ce prix, laissant entendre qu&rsquo;il pourrait se rendre en Isra\u00ebl pour la c\u00e9r\u00e9monie, qui se tient traditionnellement la veille de la f\u00eate nationale. Donald Trump se pr\u00e9sente comme le grand artisan d&rsquo;un plan de paix pour Gaza, ravag\u00e9e depuis plus de deux ans par une guerre men\u00e9e par Isra\u00ebl et d\u00e9clench\u00e9e par l&rsquo;attaque du\u00a0<a href=\"http:\/\/www.lefigaro.fr\/international\/ran-doit-rentrer-ran-gvili-dernier-otage-du-7-octobre-au-coeur-du-blocage-des-negociations-a-gaza-20251214\" data-fig-type=\"Article\" data-gtm-custom-categorie=\"navigation\" data-gtm-custom-action=\"crossclick\" data-gtm-custom-label=\"Contextuel\" data-gtm-event=\"customEventSPE\" data-fig-domain=\"LEFIGARO\" target=\"_blank\" rel=\"noopener\">7 Octobre<\/a>\u00a0du Hamas.<\/p>\n<p>                                            <a class=\"fig-a11y-skip\" href=\"#fig-a11y-skip-main-inarticle\" data-module=\"a11y-skip\" data-context=\"was @visible\"><br \/>\n    Passer la publicit\u00e9<br \/>\n<\/a>            <\/p>\n<p class=\"fig-paragraph\">Le r\u00e9publicain se targue d&rsquo;avoir mis fin \u00e0 huit guerres (Gaza, Inde-Pakistan, Cambodge-Tha\u00eflande, etc.) et estime que ses efforts devraient lui valoir le prix Nobel de la paix. La Fifa, puissante organisation internationale de football, lui avait remis un prix de la paix d\u00e9but d\u00e9cembre, lors du tirage au sort du Mondial-2026, \u00e0 Washington. Mais des experts soulignent que l&rsquo;intervention de Donald Trump dans certains de ces conflits a \u00e9t\u00e9 minime ou alors inexistante.<\/p>\n","protected":false},"excerpt":{"rendered":"Les Isra\u00e9liens \u00abappr\u00e9cient ce que vous avez fait pour aider Isra\u00ebl et pour soutenir notre combat\u00bb contre le&hellip;\n","protected":false},"author":2,"featured_media":629879,"comment_status":"","ping_status":"","sticky":false,"template":"","format":"standard","meta":{"footnotes":""},"categories":[2],"tags":[11,952,75,1011,27,664,12,25],"class_list":{"0":"post-629878","1":"post","2":"type-post","3":"status-publish","4":"format-standard","5":"has-post-thumbnail","7":"category-actualites","8":"tag-actualites","9":"tag-benyamin-netanyahou","10":"tag-donald-trump","11":"tag-fr","12":"tag-france","13":"tag-israel","14":"tag-news","15":"tag-republique-francaise"},"share_on_mastodon":{"url":"https:\/\/pubeurope.com\/@fr\/115808627848079072","error":""},"_links":{"self":[{"href":"https:\/\/www.europesays.com\/fr\/wp-json\/wp\/v2\/posts\/629878","targetHints":{"allow":["GET"]}}],"collection":[{"href":"https:\/\/www.europesays.com\/fr\/wp-json\/wp\/v2\/posts"}],"about":[{"href":"https:\/\/www.europesays.com\/fr\/wp-json\/wp\/v2\/types\/post"}],"author":[{"embeddable":true,"href":"https:\/\/www.europesays.com\/fr\/wp-json\/wp\/v2\/users\/2"}],"replies":[{"embeddable":true,"href":"https:\/\/www.europesays.com\/fr\/wp-json\/wp\/v2\/comments?post=629878"}],"version-history":[{"count":0,"href":"https:\/\/www.europesays.com\/fr\/wp-json\/wp\/v2\/posts\/629878\/revisions"}],"wp:featuredmedia":[{"embeddable":true,"href":"https:\/\/www.europesays.com\/fr\/wp-json\/wp\/v2\/media\/629879"}],"wp:attachment":[{"href":"https:\/\/www.europesays.com\/fr\/wp-json\/wp\/v2\/media?parent=629878"}],"wp:term":[{"taxonomy":"category","embeddable":true,"href":"https:\/\/www.europesays.com\/fr\/wp-json\/wp\/v2\/categories?post=629878"},{"taxonomy":"post_tag","embeddable":true,"href":"https:\/\/www.europesays.com\/fr\/wp-json\/wp\/v2\/tags?post=629878"}],"curies":[{"name":"wp","href":"https:\/\/api.w.org\/{rel}","templated":true}]}}