{"id":629880,"date":"2025-12-30T12:56:13","date_gmt":"2025-12-30T12:56:13","guid":{"rendered":"https:\/\/www.europesays.com\/fr\/629880\/"},"modified":"2025-12-30T12:56:13","modified_gmt":"2025-12-30T12:56:13","slug":"fromage-a-raclette-ce-produit-u-rappele-partout-en-france-la-listeria-peut-frapper-jusqua-8-semaines-apres","status":"publish","type":"post","link":"https:\/\/www.europesays.com\/fr\/629880\/","title":{"rendered":"Fromage \u00e0 raclette : ce produit U rappel\u00e9 partout en France, la Listeria peut frapper jusqu\u2019\u00e0 8 semaines apr\u00e8s"},"content":{"rendered":"<p>Les soir\u00e9es raclette s\u2019annoncent nombreuses avec la baisse des<br \/>\ntemp\u00e9ratures, mais une alerte vient perturber le menu. Un fromage \u00e0<br \/>\nraclette vendu sous marque distributeur chez U fait l\u2019objet d\u2019un<br \/>\nrappel national en raison d\u2019un risque de contamination par la<br \/>\nbact\u00e9rie responsable de la list\u00e9riose.<\/p>\n<p>L\u2019avertissement, diffus\u00e9 le 29 d\u00e9cembre sur le site officiel<br \/>\nRappel Conso, vise un seul produit bien pr\u00e9cis mais distribu\u00e9 dans<br \/>\ntous les <strong>magasins U<\/strong> de France pour cause de<br \/>\n\u00ab\u00a0non-conformit\u00e9 microbiologique\u00a0\u00bb. Un simple coup d\u2019\u0153il \u00e0<br \/>\nl\u2019\u00e9tiquette peut suffire.<\/p>\n<p>Le fromage \u00e0 raclette U 3 poivres concern\u00e9 par le rappel<\/p>\n<p>Le produit en cause est le <strong>fromage \u00e0 raclette<\/strong><br \/>\naux trois poivres de la marque U, conditionn\u00e9 en tranches dans des<br \/>\nbarquettes de 300 g et fabriqu\u00e9 dans l\u2019usine Entremont de Glomel<br \/>\n(C\u00f4tes-d\u2019Armor). Sa d\u00e9nomination compl\u00e8te est \u00ab\u00a0Fromage pour<br \/>\nraclette lait pasteuris\u00e9 aromatis\u00e9 3 poivres 27% mg U 300g\u00a0\u00bb.<\/p>\n<p>Sont vis\u00e9s le lot 1560113-03, plus largement les lots dont le<br \/>\nnum\u00e9ro commence par 156, avec une date limite de consommation au 13<br \/>\njanvier 2026. Les barquettes ont \u00e9t\u00e9 distribu\u00e9es dans la France<br \/>\nenti\u00e8re. Le rappel est motiv\u00e9 par un risque de contamination \u00e0 la<br \/>\nbact\u00e9rie <strong>Listeria monocytogenes<\/strong>.<\/p>\n<ul>\n<li>Marque : U, saveur 3 poivres<\/li>\n<li>Format : barquette 300 g en tranches<\/li>\n<li>Lot : 1560113-03 (ou num\u00e9ro commen\u00e7ant par 156)<\/li>\n<li>DLC : 13\/01\/2026<\/li>\n<li>Enseigne : tous les magasins U en France<\/li>\n<\/ul>\n<p>Que faire si ce fromage \u00e0 raclette U est chez vous ?<\/p>\n<p>Les autorit\u00e9s recommandent de ne surtout pas consommer ces<br \/>\nbarquettes : il faut les rapporter en magasin pour obtenir un<br \/>\nremboursement. Le rappel court jusqu\u2019\u00e0 la date limite de<br \/>\nconsommation fix\u00e9e au 13 janvier 2026. Aucune d\u00e9marche particuli\u00e8re<br \/>\nn\u2019est demand\u00e9e, hormis ce retour en point de vente et l\u2019arr\u00eat<br \/>\nimm\u00e9diat de la consommation.<\/p>\n<p>Pour toute question, un num\u00e9ro client a \u00e9t\u00e9 mis en place par U :<br \/>\n09 69 36 69 36. Pour les personnes qui auraient d\u00e9j\u00e0 mang\u00e9 ce<br \/>\nfromage, Rappel Conso pr\u00e9cise : \u00ab\u00a0Les personnes qui auraient<br \/>\nconsomm\u00e9 ces fromages et qui pr\u00e9senteraient de la fi\u00e8vre, isol\u00e9e ou<br \/>\naccompagn\u00e9e de maux de t\u00eate, et des courbatures, sont invit\u00e9es \u00e0<br \/>\nconsulter leur m\u00e9decin traitant en lui signalant cette<br \/>\nconsommation\u00a0\u00bb, indique Rappel Conso.<\/p>\n<p>List\u00e9riose : un risque surveill\u00e9<br \/>\npendant huit semaines<\/p>\n<p>Le site officiel rappelle aussi que \u00ab\u00a0des formes graves avec des<br \/>\ncomplications neurologiques et des atteintes maternelles ou f\u0153tales<br \/>\nchez la femme enceinte peuvent \u00e9galement parfois survenir\u00a0\u00bb. Femmes<br \/>\nenceintes, personnes immunod\u00e9prim\u00e9es et personnes \u00e2g\u00e9es doivent<br \/>\ndonc \u00eatre particuli\u00e8rement attentives \u00e0 tout sympt\u00f4me inhabituel<br \/>\napr\u00e8s ingestion de ce produit.<\/p>\n<p>\u00ab\u00a0La list\u00e9riose est une maladie qui peut \u00eatre grave et dont le<br \/>\nd\u00e9lai d\u2019incubation peut aller jusqu\u2019\u00e0 huit semaines\u00a0\u00bb, poursuit<br \/>\nRappel Conso. Une surveillance prolong\u00e9e est donc conseill\u00e9e en cas<br \/>\nde consommation du fromage rappel\u00e9, m\u00eame en l\u2019absence de signes<br \/>\nimm\u00e9diats.<\/p>\n","protected":false},"excerpt":{"rendered":"Les soir\u00e9es raclette s\u2019annoncent nombreuses avec la baisse des temp\u00e9ratures, mais une alerte vient perturber le menu. Un&hellip;\n","protected":false},"author":2,"featured_media":629881,"comment_status":"","ping_status":"","sticky":false,"template":"","format":"standard","meta":{"footnotes":""},"categories":[4],"tags":[11,258,130,1011,27,12,19804,25,71,18632],"class_list":{"0":"post-629880","1":"post","2":"type-post","3":"status-publish","4":"format-standard","5":"has-post-thumbnail","7":"category-france","8":"tag-actualites","9":"tag-alimentation","10":"tag-consommation","11":"tag-fr","12":"tag-france","13":"tag-news","14":"tag-rappel-conso","15":"tag-republique-francaise","16":"tag-sante","17":"tag-supermarches"},"share_on_mastodon":{"url":"https:\/\/pubeurope.com\/@fr\/115808631881546629","error":""},"_links":{"self":[{"href":"https:\/\/www.europesays.com\/fr\/wp-json\/wp\/v2\/posts\/629880","targetHints":{"allow":["GET"]}}],"collection":[{"href":"https:\/\/www.europesays.com\/fr\/wp-json\/wp\/v2\/posts"}],"about":[{"href":"https:\/\/www.europesays.com\/fr\/wp-json\/wp\/v2\/types\/post"}],"author":[{"embeddable":true,"href":"https:\/\/www.europesays.com\/fr\/wp-json\/wp\/v2\/users\/2"}],"replies":[{"embeddable":true,"href":"https:\/\/www.europesays.com\/fr\/wp-json\/wp\/v2\/comments?post=629880"}],"version-history":[{"count":0,"href":"https:\/\/www.europesays.com\/fr\/wp-json\/wp\/v2\/posts\/629880\/revisions"}],"wp:featuredmedia":[{"embeddable":true,"href":"https:\/\/www.europesays.com\/fr\/wp-json\/wp\/v2\/media\/629881"}],"wp:attachment":[{"href":"https:\/\/www.europesays.com\/fr\/wp-json\/wp\/v2\/media?parent=629880"}],"wp:term":[{"taxonomy":"category","embeddable":true,"href":"https:\/\/www.europesays.com\/fr\/wp-json\/wp\/v2\/categories?post=629880"},{"taxonomy":"post_tag","embeddable":true,"href":"https:\/\/www.europesays.com\/fr\/wp-json\/wp\/v2\/tags?post=629880"}],"curies":[{"name":"wp","href":"https:\/\/api.w.org\/{rel}","templated":true}]}}