{"id":629892,"date":"2025-12-30T13:06:10","date_gmt":"2025-12-30T13:06:10","guid":{"rendered":"https:\/\/www.europesays.com\/fr\/629892\/"},"modified":"2025-12-30T13:06:10","modified_gmt":"2025-12-30T13:06:10","slug":"la-muscu-a-change-le-regard-des-autres","status":"publish","type":"post","link":"https:\/\/www.europesays.com\/fr\/629892\/","title":{"rendered":"La muscu a chang\u00e9 le regard des autres"},"content":{"rendered":"<p><strong>M\u00e9tamorphose.<\/strong> Il y a 23 ans <a href=\"https:\/\/www.journaldesfemmes.fr\/people\/personnalites\/2903759-olivier-minne-age-couple-sexualite-infos\/\" title=\"Olivier Minne\" target=\"_blank\" rel=\"noopener\">Olivier Minne<\/a> a quitt\u00e9 la France pour les Etats-Unis lors d&rsquo;une p\u00e9riode creuse au niveau professionnel et s&rsquo;est lanc\u00e9 dans la musculation ce qui a chang\u00e9 sa vie ! \u00a0\u00bb Je n&rsquo;avais pas compris que connecter son corps avec son esprit, c&rsquo;est l&rsquo;id\u00e9e de prendre rendez-vous avec soi, de ne faire qu&rsquo;un tout et de ne pas \u00eatre en scission avec soi-m\u00eame (&#8230;) Cette muscu, elle a chang\u00e9 le regard des autres quand je suis revenu \u00e0 Paris (&#8230;) C&rsquo;est l\u00e0 que Yves Bigot (en charge des divertissements de France 2) m&rsquo;a propos\u00e9 de faire Fort Boyard (&#8230;) Si j&rsquo;\u00e9tais rest\u00e9 le jeune homme longiligne aux cheveux longs, des ann\u00e9es 90, sans doute qu&rsquo;on ne m&rsquo;aurait jamais donn\u00e9 le Fort\u00a0\u00bb, a expliqu\u00e9 l&rsquo;animateur de 58 ans sur France Inter.\u00a0<\/p>\n","protected":false},"excerpt":{"rendered":"M\u00e9tamorphose. Il y a 23 ans Olivier Minne a quitt\u00e9 la France pour les Etats-Unis lors d&rsquo;une p\u00e9riode&hellip;\n","protected":false},"author":2,"featured_media":629893,"comment_status":"","ping_status":"","sticky":false,"template":"","format":"standard","meta":{"footnotes":""},"categories":[1359],"tags":[73903,51761,58,59,52292,1011,27,51766,1031,17033,973],"class_list":{"0":"post-629892","1":"post","2":"type-post","3":"status-publish","4":"format-standard","5":"has-post-thumbnail","7":"category-people","8":"tag-cms-journaldesfemmes-3251869","9":"tag-controller-content","10":"tag-divertissement","11":"tag-entertainment","12":"tag-format-reportage","13":"tag-fr","14":"tag-france","15":"tag-les-histoires-du-jdf","16":"tag-magazine","17":"tag-olivier-minne","18":"tag-people"},"share_on_mastodon":{"url":"https:\/\/pubeurope.com\/@fr\/115808671121124678","error":""},"_links":{"self":[{"href":"https:\/\/www.europesays.com\/fr\/wp-json\/wp\/v2\/posts\/629892","targetHints":{"allow":["GET"]}}],"collection":[{"href":"https:\/\/www.europesays.com\/fr\/wp-json\/wp\/v2\/posts"}],"about":[{"href":"https:\/\/www.europesays.com\/fr\/wp-json\/wp\/v2\/types\/post"}],"author":[{"embeddable":true,"href":"https:\/\/www.europesays.com\/fr\/wp-json\/wp\/v2\/users\/2"}],"replies":[{"embeddable":true,"href":"https:\/\/www.europesays.com\/fr\/wp-json\/wp\/v2\/comments?post=629892"}],"version-history":[{"count":0,"href":"https:\/\/www.europesays.com\/fr\/wp-json\/wp\/v2\/posts\/629892\/revisions"}],"wp:featuredmedia":[{"embeddable":true,"href":"https:\/\/www.europesays.com\/fr\/wp-json\/wp\/v2\/media\/629893"}],"wp:attachment":[{"href":"https:\/\/www.europesays.com\/fr\/wp-json\/wp\/v2\/media?parent=629892"}],"wp:term":[{"taxonomy":"category","embeddable":true,"href":"https:\/\/www.europesays.com\/fr\/wp-json\/wp\/v2\/categories?post=629892"},{"taxonomy":"post_tag","embeddable":true,"href":"https:\/\/www.europesays.com\/fr\/wp-json\/wp\/v2\/tags?post=629892"}],"curies":[{"name":"wp","href":"https:\/\/api.w.org\/{rel}","templated":true}]}}