{"id":629894,"date":"2025-12-30T13:07:10","date_gmt":"2025-12-30T13:07:10","guid":{"rendered":"https:\/\/www.europesays.com\/fr\/629894\/"},"modified":"2025-12-30T13:07:10","modified_gmt":"2025-12-30T13:07:10","slug":"le-scandifornia-va-rechauffer-votre-deco","status":"publish","type":"post","link":"https:\/\/www.europesays.com\/fr\/629894\/","title":{"rendered":"le scandifornia va r\u00e9chauffer votre d\u00e9co"},"content":{"rendered":"<p>Le style scandinave, avec sa simplicit\u00e9 et sa sobri\u00e9t\u00e9, a<br \/>\nconquis les int\u00e9rieurs du monde entier ces derni\u00e8res ann\u00e9es. Mais<br \/>\ncet hiver, un nouveau vent souffle sur la d\u00e9coration : le style<br \/>\nScandifornia. Cette tendance, qui m\u00eale l\u00a0\u00bb\u00e9l\u00e9gance minimaliste de la<br \/>\nScandinavie aux influences chaleureuses de la Californie, est la<br \/>\ncl\u00e9 pour r\u00e9chauffer votre d\u00e9co et cr\u00e9er une ambiance accueillante<br \/>\net ensoleill\u00e9e, m\u00eame en plein hiver.<\/p>\n<p>Le scandifornia : quand minimalisme et chaleur s\u2019allient<\/p>\n<p>Cet hiver, oubliez <strong>la froideur minimaliste<\/strong><br \/>\n<a href=\"https:\/\/www.lejournaldelamaison.fr\/le-journal-de-la-maison\/noel\/sapin-lumineux-style-scandinave-prend-moins-place-autres-modeles-aldi-fait-499023.html\" target=\"_blank\" rel=\"noopener\"><br \/>\ndu style scandinave<\/a> et laissez-vous envo\u00fbter par une ambiance<br \/>\nplus chaleureuse, r\u00e9confortante et lumineuse, qui promet de<br \/>\ntransformer votre int\u00e9rieur en un cocon de bien-\u00eatre : <strong>le<br \/>\nstyle scandifornia.<\/strong> Ce mot-valise fusionne avec brio<br \/>\n<strong>les termes scandinave et Californie<\/strong> et incarne la<br \/>\nrencontre harmonieuse entre <strong>le minimalisme \u00e9pur\u00e9 du design<br \/>\nnordique<\/strong> et la <strong>chaleur d\u00e9contract\u00e9e de la c\u00f4te<br \/>\nouest am\u00e9ricaine<\/strong>.<\/p>\n<p>Th\u00e9oris\u00e9 par la <strong>d\u00e9coratrice Natalie Myers en 2019 sur<br \/>\nson blog,<\/strong> ce style audacieux r\u00e9unit l\u2019essentiel de chaque<br \/>\nunivers pour cr\u00e9er un int\u00e9rieur \u00e0 la fois <strong>apaisant et<br \/>\nchaleureux<\/strong>, o\u00f9 la simplicit\u00e9 du <a href=\"https:\/\/www.lejournaldelamaison.fr\/le-journal-de-la-maison\/nouveautes\/lieux-boutiques\/jysk-enseigne-danoise-meubles-deco-pas-cher-discount-486616.html\" target=\"_blank\" rel=\"noopener\"><br \/>\ndesign scandinave<\/a> s&rsquo;enrichit de <strong>la douceur<br \/>\ncalifornienne.<\/strong><\/p>\n<p>Le scandifornia : couleurs chaudes, textures chaleureuses et<br \/>\nmati\u00e8res naturelles<\/p>\n<p><strong>Le style scandinave<\/strong> offre une <strong>base<br \/>\nneutre et \u00e9pur\u00e9e<\/strong>, tandis que <strong>les touches<br \/>\ncaliforniennes<\/strong>, <strong>aux tonalit\u00e9s terreuses et<br \/>\nenveloppantes<\/strong>, insufflent une vie nouvelle \u00e0 ces espaces<br \/>\nparfois jug\u00e9s trop froids. C\u2019est une v\u00e9ritable ode au<br \/>\n<strong>confort<\/strong> et \u00e0 la <strong>lumi\u00e8re<\/strong>, o\u00f9<br \/>\n<strong>les teintes neutres<\/strong> c\u00f4toient <strong>des couleurs<br \/>\nmin\u00e9rales<\/strong> comme <strong>le rouille, <a href=\"https:\/\/www.lejournaldelamaison.fr\/le-journal-de-la-maison\/nouveautes\/tendances\/tendances-deco\/le-terracotta-cest-fini-voici-par-quoi-le-remplacer-automne-475014.html\" target=\"_blank\" rel=\"noopener\"><br \/>\nle terracotta,<\/a> la terre cuite ou le moutarde,<\/strong> \u00e9voquant<br \/>\nla chaleur enivrante des paysages d\u00e9sertiques.<\/p>\n<p>La <strong>nature<\/strong> reprend ses droits dans <strong>le<br \/>\nstyle scandifornia<\/strong>, qui privil\u00e9gie <strong>des mat\u00e9riaux<br \/>\nnobles et authentiques<\/strong>. Le <strong>bois<\/strong>, le<br \/>\n<strong>lin<\/strong>, le <strong>coton<\/strong>, <a href=\"https:\/\/www.lejournaldelamaison.fr\/le-journal-de-la-maison\/nouveautes\/tendances\/tendances-deco\/adieu-rotin-et-osier-voici-le-nouveau-materiau-tendance-qui-va-envahir-nos-maisons-en-2025-et-les-architectes-dinterieur-se-larrachent-493991.html\" target=\"_blank\" rel=\"noopener\"><br \/>\nle <strong>rotin<\/strong><\/a> ou encore la <strong>pierre<\/strong><br \/>\ndeviennent des \u00e9l\u00e9ments centraux de la d\u00e9coration. Ces mati\u00e8res<br \/>\napportent une <strong>texture chaleureuse et enveloppante<\/strong>,<br \/>\ncr\u00e9ant une atmosph\u00e8re empreinte de douceur et d\u2019authenticit\u00e9. Et<br \/>\npour sublimer cette simplicit\u00e9, quelques <strong>touches de m\u00e9tal<br \/>\nnoir<\/strong> judicieusement plac\u00e9es peuvent ajouter un contraste<br \/>\nsubtil, cr\u00e9ant ainsi un \u00e9quilibre parfait entre modernit\u00e9 et<br \/>\nnature.<\/p>\n<blockquote class=\"instagram-media\" style=\"background: #ffffff;border: 0;margin: 1px;width: 100%;padding: 0;max-width: 500px;\" data-instgrm-permalink=\"https:\/\/www.instagram.com\/p\/Cdq2FaUsQPu\/?img_index=1\" data-instgrm-version=\"14\"\/><p>\nComment adopter le style scandifornia<br \/>\nchez soi ?<\/p>\n<p>Pour adopter le style scandifornia chez soi on mise donc sur une<br \/>\n<strong>palette chromatique chaleureuse et lumineuse<\/strong> \u00e0 la<br \/>\nfois. Les teintes <strong>claires et neutres,<\/strong> typiques du<br \/>\ndesign scandinave \u2013 comme <strong>le blanc, le beige ou le gris<br \/>\ndoux<\/strong> \u2013 servent de toile de fond. Pour \u00e9viter une froideur<br \/>\nexcessive, ces teintes sont r\u00e9veill\u00e9es par des nuances chaudes et<br \/>\nenveloppantes, telles que <strong>le terracotta ou le jaune<br \/>\nmoutarde.<\/strong> Ces tonalit\u00e9s inspir\u00e9es des paysages<br \/>\ncaliforniens donnent imm\u00e9diatement vie \u00e0 la pi\u00e8ce, tout en<br \/>\nconservant cette <a href=\"https:\/\/www.lejournaldelamaison.fr\/le-journal-de-la-maison\/nouveautes\/tendances\/lagom-tendance-rend-heureux-responsable-minimalisme-156448.html\" target=\"_blank\" rel=\"noopener\"><br \/>\nesth\u00e9tique minimaliste<\/a> si ch\u00e8re au style scandinave.<\/p>\n<p>C\u00f4t\u00e9 <strong>mobilier<\/strong>, chaque pi\u00e8ce\u00a0doit non<br \/>\nseulement embellir l\u2019espace, mais aussi y apporter une<br \/>\nfonctionnalit\u00e9 essentielle. Le design \u00e9pur\u00e9 du mobilier scandinave<br \/>\ns&rsquo;enrichit ici <strong>d\u2019une touche artisanale<\/strong> propre \u00e0 la<br \/>\nculture californienne. Par exemple, <strong>le banc Calixta de Kave<br \/>\nHome,<\/strong> avec ses \u00e9l\u00e9gantes <strong>bandes de cuir tress\u00e9 \u00e0<br \/>\nla main<\/strong>, incarne cette fusion parfaite entre esth\u00e9tisme et<br \/>\nutilit\u00e9. De m\u00eame, <strong>le fauteuil Bali,<\/strong> inspir\u00e9 du<br \/>\ngrand Pierre Jeanneret, s\u2019impose comme une pi\u00e8ce ma\u00eetresse. Ce<br \/>\nchef-d\u2019\u0153uvre, disponible <a href=\"https:\/\/www.instagram.com\/beirutbloomers\/\" target=\"_blank\" rel=\"nofollow noopener\">chez Beirut Bloomers<\/a>, refl\u00e8te tout le<br \/>\n<strong>savoir-faire artisanal libanais<\/strong>, tout en restant<br \/>\nfid\u00e8le \u00e0 l\u2019esprit \u00e9pur\u00e9 et chic du Scandifornia. Pour accentuer<br \/>\nl\u2019effet cocooning, misez sur des accessoires qui r\u00e9chauffent<br \/>\nl\u2019atmosph\u00e8re. Des <strong>coussins aux textures riches<\/strong>,<br \/>\ncomme le <strong>coussin waffle marron de chez B&amp;M<\/strong>,<br \/>\napportent une touche de confort in\u00e9gal\u00e9e \u00e0 votre canap\u00e9. Et pour<br \/>\nune lumi\u00e8re douce et enveloppante, rien de tel que la<br \/>\n<strong>suspension Fiena en raphia de Maisons du Monde,<\/strong><br \/>\nqui baigne votre salon d\u2019une lumi\u00e8re naturelle, \u00e0 la fois douce et<br \/>\nchaleureuse.<\/p>\n<p><script async src=\"\/\/www.instagram.com\/embed.js\"><\/script><\/p>\n","protected":false},"excerpt":{"rendered":"Le style scandinave, avec sa simplicit\u00e9 et sa sobri\u00e9t\u00e9, a conquis les int\u00e9rieurs du monde entier ces derni\u00e8res&hellip;\n","protected":false},"author":2,"featured_media":629895,"comment_status":"","ping_status":"","sticky":false,"template":"","format":"standard","meta":{"footnotes":""},"categories":[1358],"tags":[930,5734,13041,1348,1384,1385,33318,3477,61125,1386,58,6596,59,12219,1011,27,6736,1768,5536,378,73904,10649,32567,1969,8551,8029,30252],"class_list":{"0":"post-629894","1":"post","2":"type-post","3":"status-publish","4":"format-standard","5":"has-post-thumbnail","7":"category-arts-et-design","8":"tag-le","9":"tag-5734","10":"tag-a","11":"tag-arts","12":"tag-arts-and-design","13":"tag-arts-et-design","14":"tag-cet","15":"tag-cette","16":"tag-chaleureuse","17":"tag-design","18":"tag-divertissement","19":"tag-enfin","20":"tag-entertainment","21":"tag-et","22":"tag-fr","23":"tag-france","24":"tag-hiver","25":"tag-laisse","26":"tag-place","27":"tag-plus","28":"tag-revu","29":"tag-sa","30":"tag-scandinave","31":"tag-style","32":"tag-tendance","33":"tag-trop","34":"tag-vu"},"share_on_mastodon":{"url":"https:\/\/pubeurope.com\/@fr\/115808674926249622","error":""},"_links":{"self":[{"href":"https:\/\/www.europesays.com\/fr\/wp-json\/wp\/v2\/posts\/629894","targetHints":{"allow":["GET"]}}],"collection":[{"href":"https:\/\/www.europesays.com\/fr\/wp-json\/wp\/v2\/posts"}],"about":[{"href":"https:\/\/www.europesays.com\/fr\/wp-json\/wp\/v2\/types\/post"}],"author":[{"embeddable":true,"href":"https:\/\/www.europesays.com\/fr\/wp-json\/wp\/v2\/users\/2"}],"replies":[{"embeddable":true,"href":"https:\/\/www.europesays.com\/fr\/wp-json\/wp\/v2\/comments?post=629894"}],"version-history":[{"count":0,"href":"https:\/\/www.europesays.com\/fr\/wp-json\/wp\/v2\/posts\/629894\/revisions"}],"wp:featuredmedia":[{"embeddable":true,"href":"https:\/\/www.europesays.com\/fr\/wp-json\/wp\/v2\/media\/629895"}],"wp:attachment":[{"href":"https:\/\/www.europesays.com\/fr\/wp-json\/wp\/v2\/media?parent=629894"}],"wp:term":[{"taxonomy":"category","embeddable":true,"href":"https:\/\/www.europesays.com\/fr\/wp-json\/wp\/v2\/categories?post=629894"},{"taxonomy":"post_tag","embeddable":true,"href":"https:\/\/www.europesays.com\/fr\/wp-json\/wp\/v2\/tags?post=629894"}],"curies":[{"name":"wp","href":"https:\/\/api.w.org\/{rel}","templated":true}]}}