{"id":629896,"date":"2025-12-30T13:09:19","date_gmt":"2025-12-30T13:09:19","guid":{"rendered":"https:\/\/www.europesays.com\/fr\/629896\/"},"modified":"2025-12-30T13:09:19","modified_gmt":"2025-12-30T13:09:19","slug":"les-12-coups-de-midi-cyprien-refuse-un-duel-une-candidate-enervee-face-a-jean-luc-reichmann","status":"publish","type":"post","link":"https:\/\/www.europesays.com\/fr\/629896\/","title":{"rendered":"Les 12 coups de midi\u00a0: Cyprien refuse un duel, une candidate \u00e9nerv\u00e9e face \u00e0 Jean-Luc Reichmann"},"content":{"rendered":"<p>\n\t\t\t\t\t\tPubli\u00e9 le 30\/12\/2025 \u00e0 10:45<\/p>\n<p>Cyprien entre de nouveau dans l\u2019ar\u00e8ne de l\u2019\u00e9mission <strong>Les 12 coups de midi<\/strong> ce mardi 30 d\u00e9cembre 2025 sur l\u2019antenne de TF1. Le ma\u00eetre de midi a \u00e9t\u00e9 p\u00e9nalis\u00e9 par un refus \u00e9tonnant dans l\u2019\u00e9dition de la veille. Explications.<\/p>\n<p>Ce mardi 30 d\u00e9cembre 2025 sur l\u2019antenne de <a href=\"https:\/\/toutelatele.ouest-france.fr\/tf1-010\" target=\"_blank\" rel=\"noopener\"><strong>TF1<\/strong><\/a>, juste apr\u00e8s les \u00e9pisodes de la s\u00e9rie  <strong>Les feux de l\u2019amour<\/strong> , <strong>Cyprien<\/strong> \u00e9tait de retour pour une 102e participation dans l\u2019\u00e9mission <a href=\"https:\/\/toutelatele.ouest-france.fr\/les-12-coups-de-midi-690\" target=\"_blank\" rel=\"noopener\"> <strong>Les 12 coups de midi<\/strong> <\/a>, dont une nouvelle \u00e9dition \u00e9tait propos\u00e9e \u00e0 la mi-journ\u00e9e.<\/p>\n<p>Le ma\u00eetre de midi, <a href=\"https:\/\/toutelatele.ouest-france.fr\/les-12-coups-de-noel-emilien-vs-cyprien-qui-va-sortir-vainqueur-182015\" class=\"spip_in\" target=\"_blank\" rel=\"noopener\">qui a \u00e9t\u00e9 confront\u00e9 aux plus grands ma\u00eetres de midi en cette fin d\u2019ann\u00e9e 2025<\/a>, s\u2019est une nouvelle fois montr\u00e9 plus fort que ses adversaires. Il a remport\u00e9 200 euros au coup fatal, ce qui lui a permis d\u2019atteindre 473 999 euros de gains et de cadeaux.<\/p>\n<p> Les 12 coups de midi\u00a0: TF1 solide leader<\/p>\n<p><a href=\"https:\/\/toutelatele.ouest-france.fr\/audiences-tv-046\" target=\"_blank\" rel=\"noopener\">Du c\u00f4t\u00e9 des audiences<\/a>, la suite des aventures de <strong>Cyprien<\/strong> a r\u00e9uni 2,74 millions de personnes ce lundi 29 d\u00e9cembre 2025 sur l\u2019antenne de TF1 entre 11h50 et 12h45, soit 33,3% de part de march\u00e9 aupr\u00e8s des quatre ans et plus. Le divertissement a m\u00eame rassembl\u00e9 jusqu\u2019\u00e0 4,3 millions de Fran\u00e7ais dans les derni\u00e8res minutes de l\u2019\u00e9mission.<\/p>\n<p>Sur les cibles commerciales, le jeu quotidien de la Une a f\u00e9d\u00e9r\u00e9 22% des femmes responsables des achats de moins de cinquante ans et 23% sur les 25\/49 ans. Par ailleurs, aupr\u00e8s des plus jeunes, <strong> Les 12 coups de midi <\/strong> ont s\u00e9duit 38% des 4\/14 ans et 33% des 15\/34 ans.<\/p>\n<p>Par rapport \u00e0 la semaine pass\u00e9e, le divertissement accuse un recul de 0,8 point de part de march\u00e9 aupr\u00e8s de l\u2019ensemble du public. En face, la nouvelle victoire de <strong>Vincent<\/strong> dans  <strong>Tout le monde veut prendre sa place<\/strong>  a attir\u00e9 1,97 million de personnes sur France 2, soit 22,6% de part de march\u00e9 aupr\u00e8s de l\u2019ensemble du public.<\/p>\n<p>Cyprien refuse une proposition en or dans Les 12 coups de midi\u00a0!<\/p>\n<p>Au cours de cette \u00e9dition de l\u2019\u00e9mission quotidienne, <strong>Cyprien<\/strong> a \u00e9t\u00e9 d\u00e9fi\u00e9 en duel par l\u2019un des candidats, et ce pour une raison \u00e9tonnante. Le ma\u00eetre de midi a refus\u00e9 un duel en shifumi (traduisez pierre-feuille-ciseaux), en raison de la pr\u00e9sence sur le plateau du cr\u00e9ateur du championnat de France. \u00ab\u00a0J\u2019ai un air de d\u00e9j\u00e0-vu\u00a0! On me l\u2019a d\u00e9j\u00e0 fait faire et j\u2019ai d\u00e9j\u00e0 perdu\u00a0\u00bb, a-t-il expliqu\u00e9. Le chef d\u2019orchestre a donc \u00e9t\u00e9 lourdement sanctionn\u00e9. \u00ab\u00a0\u00c7a m\u2019apprendra\u00a0\u00bb, a-t-il reconnu.<\/p>\n<p>Un peu plus t\u00f4t, l\u2019une des candidates s\u2019est montr\u00e9e frustr\u00e9e lorsqu\u2019un adversaire du jour a donn\u00e9 la r\u00e9ponse qu\u2019elle comptait proposer. <strong>Jean-Luc Reichmann<\/strong> l\u2019a imm\u00e9diatement remarqu\u00e9 et l\u2019a soulign\u00e9 au cours de l\u2019\u00e9mission. La candidate s\u2019est ensuite retrouv\u00e9e en Coup fatal face au ma\u00eetre de midi, sans parvenir \u00e0 le d\u00e9tr\u00f4ner.<\/p>\n<p><strong> Les 12 coups de midi<\/strong>  est \u00e0 retrouver quotidiennement \u00e0 11h50 sur l\u2019antenne de TF1 et \u00e0 tout moment sur la plateforme <strong>TF1+<\/strong>.<\/p>\n","protected":false},"excerpt":{"rendered":"Publi\u00e9 le 30\/12\/2025 \u00e0 10:45 Cyprien entre de nouveau dans l\u2019ar\u00e8ne de l\u2019\u00e9mission Les 12 coups de midi&hellip;\n","protected":false},"author":2,"featured_media":629897,"comment_status":"","ping_status":"","sticky":false,"template":"","format":"standard","meta":{"footnotes":""},"categories":[1356],"tags":[58,59,1011,27,252,1364],"class_list":{"0":"post-629896","1":"post","2":"type-post","3":"status-publish","4":"format-standard","5":"has-post-thumbnail","7":"category-television","8":"tag-divertissement","9":"tag-entertainment","10":"tag-fr","11":"tag-france","12":"tag-television","13":"tag-tv"},"share_on_mastodon":{"url":"https:\/\/pubeurope.com\/@fr\/115808683008372769","error":""},"_links":{"self":[{"href":"https:\/\/www.europesays.com\/fr\/wp-json\/wp\/v2\/posts\/629896","targetHints":{"allow":["GET"]}}],"collection":[{"href":"https:\/\/www.europesays.com\/fr\/wp-json\/wp\/v2\/posts"}],"about":[{"href":"https:\/\/www.europesays.com\/fr\/wp-json\/wp\/v2\/types\/post"}],"author":[{"embeddable":true,"href":"https:\/\/www.europesays.com\/fr\/wp-json\/wp\/v2\/users\/2"}],"replies":[{"embeddable":true,"href":"https:\/\/www.europesays.com\/fr\/wp-json\/wp\/v2\/comments?post=629896"}],"version-history":[{"count":0,"href":"https:\/\/www.europesays.com\/fr\/wp-json\/wp\/v2\/posts\/629896\/revisions"}],"wp:featuredmedia":[{"embeddable":true,"href":"https:\/\/www.europesays.com\/fr\/wp-json\/wp\/v2\/media\/629897"}],"wp:attachment":[{"href":"https:\/\/www.europesays.com\/fr\/wp-json\/wp\/v2\/media?parent=629896"}],"wp:term":[{"taxonomy":"category","embeddable":true,"href":"https:\/\/www.europesays.com\/fr\/wp-json\/wp\/v2\/categories?post=629896"},{"taxonomy":"post_tag","embeddable":true,"href":"https:\/\/www.europesays.com\/fr\/wp-json\/wp\/v2\/tags?post=629896"}],"curies":[{"name":"wp","href":"https:\/\/api.w.org\/{rel}","templated":true}]}}