{"id":629898,"date":"2025-12-30T13:10:13","date_gmt":"2025-12-30T13:10:13","guid":{"rendered":"https:\/\/www.europesays.com\/fr\/629898\/"},"modified":"2025-12-30T13:10:13","modified_gmt":"2025-12-30T13:10:13","slug":"il-laisse-derriere-lui-le-rap-en-pls-mort-de-dooz-kawa-rappeur-a-la-poesie-philosophique-et-engagee","status":"publish","type":"post","link":"https:\/\/www.europesays.com\/fr\/629898\/","title":{"rendered":"\u00ab\u00a0Il laisse derri\u00e8re lui le rap en PLS\u00a0\u00bb\u00a0: mort de Dooz Kawa, rappeur \u00e0 la po\u00e9sie philosophique et engag\u00e9e"},"content":{"rendered":"<p>\n                                                                    l&rsquo;essentiel<br \/>\n                                                                Assoiff\u00e9 de vers, amateur de belles lettres et de rap m\u00e9lancolique, m\u00e9lodique et contestataire, le rappeur Dooz Kawa nous a quitt\u00e9s, non sans avoir marqu\u00e9 la musique et de nombreux Toulousains.\n                            <\/p>\n<p>\u00ab\u00a0Celui qui faisait partie du parti des oiseaux s\u2019est envol\u00e9 [\u2026] Il laisse derri\u00e8re lui le rap en PLS et une tristesse infinie.\u00a0\u00bb La triste annonce, tomb\u00e9e en fin d\u2019apr\u00e8s-midi le 29\u00a0d\u00e9cembre 2025, vient de <a href=\"https:\/\/modulor-records.com\/fr\/\" target=\"_blank\" rel=\"noopener\">Modulor Records, le label de l\u2019artiste<\/a>. Connu pour ses textes sophistiqu\u00e9s et ses instrumentales organiques aux influences tsiganes, Dooz Kawa \u00e9tait un rappeur unique. \u00ab\u00a0J\u2019essaie d\u2019apporter quelque chose en plus, comme une approche philosophique ou po\u00e9tique\u00a0\u00bb, nous avait confi\u00e9 Franck, de son vrai pr\u00e9nom.<\/p>\n<p>        <img decoding=\"async\" class=\"std-img__img responsive-img\" src=\"https:\/\/www.europesays.com\/fr\/wp-content\/uploads\/2025\/12\/1767100213_648_image.png\" alt=\"&quot;La musique n\u2019est que partage&quot;, nous a un jour gliss\u00e9 l\u2019artiste, r\u00e9sumant sa vision du monde.\"\/><\/p>\n<p>                \u00ab\u00a0La musique n\u2019est que partage\u00a0\u00bb, nous a un jour gliss\u00e9 l\u2019artiste, r\u00e9sumant sa vision du monde.<br \/>\n                                    Modulor Record<\/p>\n<p>Le quadrag\u00e9naire a d\u00e9but\u00e9 le rap durant son adolescence \u00e0 Strasbourg, via le collectif T-Ka\u00ef Cee. Depuis 2010, il a rapp\u00e9 aupr\u00e8s de noms d\u2019horizons tr\u00e8s vari\u00e9s, tels Ga\u00ebl Faye, Hippocampe Fou, l\u2019Acad\u00e9mie de mandoline de Marseille ou Dorian Astor (philosophe et dramaturge de l\u2019Op\u00e9ra national du Capitole de Toulouse). Il avait aussi rejoint le collectif Soleil Noir en 2022.<\/p>\n<p class=\"std-elt__inline\">\n        <strong>\u00c0 lire aussi :<\/strong><br \/>\n        <a href=\"https:\/\/www.ladepeche.fr\/2025\/11\/18\/cest-lopportunite-dune-vie-un-toulousain-dans-la-competition-de-rap-nouvelle-ecole-sur-netflix-13057190.php\" target=\"_blank\" rel=\"noopener\">\u00ab\u00a0C\u2019est l\u2019opportunit\u00e9 d\u2019une vie\u00a0\u00bb\u00a0: un Toulousain dans la comp\u00e9tition de rap \u00ab\u00a0Nouvelle \u00c9cole\u00a0\u00bb sur Netflix<\/a>\n    <\/p>\n<p>\u00ab\u00a0Dans la vie comme la mort, rong\u00e9 par des vers\u00a0\u00bb<\/p>\n<p>Dooz Kawa, c\u2019est neuf projets remplis de \u00ab\u00a0bouquets de proses\u00a0\u00bb, avec un go\u00fbt pour les contrastes et les changements de registres. La douceur ne serait pas la m\u00eame sans la vulgarit\u00e9, aimait nuancer la \u00ab\u00a0mauvaise graine\u00a0\u00bb, invit\u00e9e par Normal Sup et Sciences Po pour des conf\u00e9rences sur l\u2019art de la plume. \u00c9galement engag\u00e9 dans la protection de l\u2019enfance, le lyriciste avait cofond\u00e9 <a href=\"https:\/\/www.facebook.com\/etoilesdusol.asso\/?locale=fr_FR\" target=\"_blank\" rel=\"noopener\">\u00c9toiles du Sol<\/a>, une association \u00e0 Cadillac (Gironde) \u0153uvrant pour l\u2019\u00e9ducation populaire \u00e0 l\u2019aide du rap et de la philo.<\/p>\n<blockquote data-instgrm-captioned=\"\" data-instgrm-permalink=\"https:\/\/www.instagram.com\/p\/DS2gNvbCIJr\/?utm_source=ig_embed&amp;utm_campaign=loading\" data-instgrm-version=\"14\" style=\" background:#FFF; border:0; border-radius:3px; box-shadow:0 0 1px 0 rgba(0,0,0,0.5),0 1px 10px 0 rgba(0,0,0,0.15); margin: 1px; max-width:540px; min-width:326px; padding:0; width:99.375%; width:-webkit-calc(100% - 2px); width:calc(100% - 2px);\" data-class=\"instagram-media\"\/>\n<p>Papa d\u2019un petit Toulousain, Dooz Kawa a donn\u00e9 quelques cours d\u2019\u00e9criture po\u00e9tique au Conservatoire de Blagnac, a jou\u00e9 sur les sc\u00e8nes du Metronum ou du Bikini et a v\u00e9cu quelques ann\u00e9es dans les trav\u00e9es d\u2019une ville qu\u2019il \u00e9voquait parfois au fil des rimes.<\/p>\n<p>Soignant le jour, \u00ab\u00a0\u00c9toile du sol\u00a0\u00bb et du rap la nuit, Dooz Kawa vivra toujours \u00e0 travers une discographie \u00e0 la po\u00e9sie infinie, tremp\u00e9e dans une sensibilit\u00e9 \u00e0 fleur de peau. Des po\u00e8mes rapp\u00e9s (\u00ab\u00a0Histoire d\u2019Eau\u00a0\u00bb), aux envol\u00e9es \u00e0 guitare manouche (\u00ab\u00a0Me faire la belle\u00a0\u00bb, \u00ab\u00a0La R\u00e9sistance\u00a0\u00bb), en passant par les pamphlets engag\u00e9s (\u00ab\u00a0Dieu d\u2019amour\u00a0\u00bb), ses textes nourris de r\u00e9f\u00e9rences litt\u00e9raires, philosophiques, scientifiques ou culturelles continueront de s\u2019\u00e9couter avec le c\u0153ur dans une main\u2026 et une encyclop\u00e9die dans l\u2019autre.<\/p>\n<p>                                                                                                                                                                                                        <script async src=\"\/\/www.instagram.com\/embed.js\"><\/script><\/p>\n","protected":false},"excerpt":{"rendered":"l&rsquo;essentiel Assoiff\u00e9 de vers, amateur de belles lettres et de rap m\u00e9lancolique, m\u00e9lodique et contestataire, le rappeur Dooz&hellip;\n","protected":false},"author":2,"featured_media":629899,"comment_status":"","ping_status":"","sticky":false,"template":"","format":"standard","meta":{"footnotes":""},"categories":[1355],"tags":[12655,58,59,1011,27,329,2722,1361,873,1857,2312],"class_list":{"0":"post-629898","1":"post","2":"type-post","3":"status-publish","4":"format-standard","5":"has-post-thumbnail","7":"category-musique","8":"tag-carnet-noir","9":"tag-divertissement","10":"tag-entertainment","11":"tag-fr","12":"tag-france","13":"tag-france-monde","14":"tag-haute-garonne","15":"tag-music","16":"tag-musique","17":"tag-sociu00e9tu00e9","18":"tag-toulouse"},"share_on_mastodon":{"url":"https:\/\/pubeurope.com\/@fr\/115808686970373246","error":""},"_links":{"self":[{"href":"https:\/\/www.europesays.com\/fr\/wp-json\/wp\/v2\/posts\/629898","targetHints":{"allow":["GET"]}}],"collection":[{"href":"https:\/\/www.europesays.com\/fr\/wp-json\/wp\/v2\/posts"}],"about":[{"href":"https:\/\/www.europesays.com\/fr\/wp-json\/wp\/v2\/types\/post"}],"author":[{"embeddable":true,"href":"https:\/\/www.europesays.com\/fr\/wp-json\/wp\/v2\/users\/2"}],"replies":[{"embeddable":true,"href":"https:\/\/www.europesays.com\/fr\/wp-json\/wp\/v2\/comments?post=629898"}],"version-history":[{"count":0,"href":"https:\/\/www.europesays.com\/fr\/wp-json\/wp\/v2\/posts\/629898\/revisions"}],"wp:featuredmedia":[{"embeddable":true,"href":"https:\/\/www.europesays.com\/fr\/wp-json\/wp\/v2\/media\/629899"}],"wp:attachment":[{"href":"https:\/\/www.europesays.com\/fr\/wp-json\/wp\/v2\/media?parent=629898"}],"wp:term":[{"taxonomy":"category","embeddable":true,"href":"https:\/\/www.europesays.com\/fr\/wp-json\/wp\/v2\/categories?post=629898"},{"taxonomy":"post_tag","embeddable":true,"href":"https:\/\/www.europesays.com\/fr\/wp-json\/wp\/v2\/tags?post=629898"}],"curies":[{"name":"wp","href":"https:\/\/api.w.org\/{rel}","templated":true}]}}