{"id":629917,"date":"2025-12-30T13:20:12","date_gmt":"2025-12-30T13:20:12","guid":{"rendered":"https:\/\/www.europesays.com\/fr\/629917\/"},"modified":"2025-12-30T13:20:12","modified_gmt":"2025-12-30T13:20:12","slug":"a-14-et-15-ans-ils-tentent-de-cambrioler-une-maison-en-pleine-journee","status":"publish","type":"post","link":"https:\/\/www.europesays.com\/fr\/629917\/","title":{"rendered":"A 14 et 15 ans, ils tentent de cambrioler une maison en pleine journ\u00e9e"},"content":{"rendered":"<p><img decoding=\"async\" class=\"\" style=\"width:100%\" src=\"https:\/\/www.europesays.com\/fr\/wp-content\/uploads\/2025\/12\/police_5226674_12801767091660884.jpg\" alt=\"Les policiers ont interpell\u00e9 deux des quatre suspects. \"\/><\/p>\n<p>Les policiers ont interpell\u00e9 deux des quatre suspects. <\/p>\n<p>Cr\u00e9dit : Pixabay<\/p>\n<p>Ce dimanche 28 dec\u00e9mbre, aux alentours de 14h30, la police re\u00e7oit un appel indiquant qu&rsquo;un individu tente de p\u00e9n\u00e9trer dans une maison situ\u00e9e boulevard Alexandre de Fraissinette, dans le quartier de la M\u00e9tare, en brisant la vitre de la porte d&rsquo;entr\u00e9e. Aussit\u00f4t altert\u00e9, les forces de l&rsquo;ordre se rendent sur place pour tomber nez \u00e0 nez avec les voleurs. Lorsque la BAC arrive sur place, ils remarquent des jeunes en train de courir pour prendre le bus. Sur 4 suspects, ils en interpellent deux d&rsquo;entre eux. Ils sotn \u00e2g\u00e9s de seulement 14 et 15 ans. C&rsquo;est alors que lesfonctionnaires de police d\u00e9couvrent que l&rsquo;un des mineurs est porteur d&rsquo;un brise-vitre de couleur rouge. Pas de doute pour eux, il s&rsquo;agit bien des voleurs. Par ailleurs, une voisine qui a film\u00e9 la sc\u00e8ne va permettre de confirmer leur implication.\u00a0<\/p>\n<p>Les deux adolescents vont \u00eatre pr\u00e9sent\u00e9s devant un juge pour enfants pour tentative de vol par effraction aggrav\u00e9.<\/p>\n","protected":false},"excerpt":{"rendered":"Les policiers ont interpell\u00e9 deux des quatre suspects. Cr\u00e9dit : Pixabay Ce dimanche 28 dec\u00e9mbre, aux alentours de&hellip;\n","protected":false},"author":2,"featured_media":629918,"comment_status":"","ping_status":"","sticky":false,"template":"","format":"standard","meta":{"footnotes":""},"categories":[9653],"tags":[1111,11,2430,1174,1777,674,6017,1011,27,11272,3367,12,1072,25,4001,1175],"class_list":{"0":"post-629917","1":"post","2":"type-post","3":"status-publish","4":"format-standard","5":"has-post-thumbnail","7":"category-saint-etienne","8":"tag-actu","9":"tag-actualites","10":"tag-auvergne-rhone-alpes","11":"tag-cambriolage","12":"tag-eu","13":"tag-europe","14":"tag-fait-divers","15":"tag-fr","16":"tag-france","17":"tag-interpellation","18":"tag-loire","19":"tag-news","20":"tag-police","21":"tag-republique-francaise","22":"tag-saint-etienne","23":"tag-vol"},"share_on_mastodon":{"url":"https:\/\/pubeurope.com\/@fr\/115808726488889231","error":""},"_links":{"self":[{"href":"https:\/\/www.europesays.com\/fr\/wp-json\/wp\/v2\/posts\/629917","targetHints":{"allow":["GET"]}}],"collection":[{"href":"https:\/\/www.europesays.com\/fr\/wp-json\/wp\/v2\/posts"}],"about":[{"href":"https:\/\/www.europesays.com\/fr\/wp-json\/wp\/v2\/types\/post"}],"author":[{"embeddable":true,"href":"https:\/\/www.europesays.com\/fr\/wp-json\/wp\/v2\/users\/2"}],"replies":[{"embeddable":true,"href":"https:\/\/www.europesays.com\/fr\/wp-json\/wp\/v2\/comments?post=629917"}],"version-history":[{"count":0,"href":"https:\/\/www.europesays.com\/fr\/wp-json\/wp\/v2\/posts\/629917\/revisions"}],"wp:featuredmedia":[{"embeddable":true,"href":"https:\/\/www.europesays.com\/fr\/wp-json\/wp\/v2\/media\/629918"}],"wp:attachment":[{"href":"https:\/\/www.europesays.com\/fr\/wp-json\/wp\/v2\/media?parent=629917"}],"wp:term":[{"taxonomy":"category","embeddable":true,"href":"https:\/\/www.europesays.com\/fr\/wp-json\/wp\/v2\/categories?post=629917"},{"taxonomy":"post_tag","embeddable":true,"href":"https:\/\/www.europesays.com\/fr\/wp-json\/wp\/v2\/tags?post=629917"}],"curies":[{"name":"wp","href":"https:\/\/api.w.org\/{rel}","templated":true}]}}