{"id":629924,"date":"2025-12-30T13:27:12","date_gmt":"2025-12-30T13:27:12","guid":{"rendered":"https:\/\/www.europesays.com\/fr\/629924\/"},"modified":"2025-12-30T13:27:12","modified_gmt":"2025-12-30T13:27:12","slug":"le-rct-dement-les-rumeurs-faf-de-klerk-seloigne-du-top-14","status":"publish","type":"post","link":"https:\/\/www.europesays.com\/fr\/629924\/","title":{"rendered":"le RCT d\u00e9ment les rumeurs, Faf de Klerk s&rsquo;\u00e9loigne du Top 14"},"content":{"rendered":"<p>Son nom avait bri\u00e8vement \u00e9t\u00e9 associ\u00e9 au RC Toulon, mais Pierre Mignoni n\u2019a pas tard\u00e9 \u00e0 mettre fin aux sp\u00e9culations. Le manager varois, visiblement irrit\u00e9 par la r\u00e9currence de ces rumeurs, a tenu \u00e0 clarifier la situation. Il a fait savoir qu&rsquo;aucun contact n\u2019a \u00e9t\u00e9 \u00e9tabli avec le joueur. Pour lui, ces bruits de couloir rel\u00e8vent davantage de man\u0153uvres d\u2019agents que d\u2019une r\u00e9alit\u00e9 sportive.<\/p>\n<p>\u00a0<\/p>\n<p>Le Top 14 n&rsquo;est pas preneur, l&rsquo;Angleterre et l&rsquo;Afrique du Sud se positionnent<\/p>\n<p>Si la piste fran\u00e7aise s\u2019\u00e9teint, l\u2019avenir de Faf de Klerk semble se dessiner en Europe tout de m\u00eame. Selon les informations de RugbyPass, les Sale Sharks ont entam\u00e9 des discussions avanc\u00e9es pour rapatrier le joueur. A noter qu&rsquo;il est d\u00e9j\u00e0 pass\u00e9 par le club anglais avant son d\u00e9part au Japon. Avec ses 60 s\u00e9lections internationales, le Sud-Africain apporterait une dose pr\u00e9cieuse d\u2019exp\u00e9rience et de leadership \u00e0 un effectif jeune.<\/p>\n<p>\u00a0<\/p>\n<p>Le club bas\u00e9 \u00e0 Manchester doit toutefois composer avec une concurrence s\u00e9rieuse. Newcastle Red Bulls et les Hollywoodbets Sharks surveillent \u00e9galement le dossier. Le d\u00e9part annonc\u00e9 de Grant Williams en fin de saison pourrait ouvrir une place strat\u00e9gique au sein de la franchise sud-africaine, renfor\u00e7ant l\u2019int\u00e9r\u00eat pour de Klerk. Sale Sharks a donc du souci \u00e0 se faire s&rsquo;il privil\u00e9gie la piste menant au double champion du monde.<\/p>\n<p>Partagez cette info avec vos amis et vos proches en cliquant ici<br \/>Pour r\u00e9sumer<\/p>\n<p>Faf de Klerk quittera le Japon en fin de saison. Annonc\u00e9 bri\u00e8vement \u00e0 Toulon, piste vite d\u00e9mentie par Pierre Mignoni, le demi de m\u00eal\u00e9e sud-africain pourrait rebondir en Europe. Les Sale Sharks sont en discussions avanc\u00e9es, malgr\u00e9 une forte concurrence.<\/p>\n<p> <img decoding=\"async\" width=\"76\" height=\"76\" loading=\"lazy\" src=\"https:\/\/www.europesays.com\/fr\/wp-content\/uploads\/2025\/04\/avatar-quinze.png\" alt=\"Voldi Fr\u00e9jus\u00a0Hounvio\"\/><\/p>\n","protected":false},"excerpt":{"rendered":"Son nom avait bri\u00e8vement \u00e9t\u00e9 associ\u00e9 au RC Toulon, mais Pierre Mignoni n\u2019a pas tard\u00e9 \u00e0 mettre fin&hellip;\n","protected":false},"author":2,"featured_media":629925,"comment_status":"","ping_status":"","sticky":false,"template":"","format":"standard","meta":{"footnotes":""},"categories":[9619],"tags":[1111,11,1777,674,1011,27,12,882,25,478,2310],"class_list":{"0":"post-629924","1":"post","2":"type-post","3":"status-publish","4":"format-standard","5":"has-post-thumbnail","7":"category-toulon","8":"tag-actu","9":"tag-actualites","10":"tag-eu","11":"tag-europe","12":"tag-fr","13":"tag-france","14":"tag-news","15":"tag-provence-alpes-cote-dazur","16":"tag-republique-francaise","17":"tag-top-14","18":"tag-toulon"},"share_on_mastodon":{"url":"https:\/\/pubeurope.com\/@fr\/115808753679955094","error":""},"_links":{"self":[{"href":"https:\/\/www.europesays.com\/fr\/wp-json\/wp\/v2\/posts\/629924","targetHints":{"allow":["GET"]}}],"collection":[{"href":"https:\/\/www.europesays.com\/fr\/wp-json\/wp\/v2\/posts"}],"about":[{"href":"https:\/\/www.europesays.com\/fr\/wp-json\/wp\/v2\/types\/post"}],"author":[{"embeddable":true,"href":"https:\/\/www.europesays.com\/fr\/wp-json\/wp\/v2\/users\/2"}],"replies":[{"embeddable":true,"href":"https:\/\/www.europesays.com\/fr\/wp-json\/wp\/v2\/comments?post=629924"}],"version-history":[{"count":0,"href":"https:\/\/www.europesays.com\/fr\/wp-json\/wp\/v2\/posts\/629924\/revisions"}],"wp:featuredmedia":[{"embeddable":true,"href":"https:\/\/www.europesays.com\/fr\/wp-json\/wp\/v2\/media\/629925"}],"wp:attachment":[{"href":"https:\/\/www.europesays.com\/fr\/wp-json\/wp\/v2\/media?parent=629924"}],"wp:term":[{"taxonomy":"category","embeddable":true,"href":"https:\/\/www.europesays.com\/fr\/wp-json\/wp\/v2\/categories?post=629924"},{"taxonomy":"post_tag","embeddable":true,"href":"https:\/\/www.europesays.com\/fr\/wp-json\/wp\/v2\/tags?post=629924"}],"curies":[{"name":"wp","href":"https:\/\/api.w.org\/{rel}","templated":true}]}}