{"id":62993,"date":"2025-04-29T23:36:11","date_gmt":"2025-04-29T23:36:11","guid":{"rendered":"https:\/\/www.europesays.com\/fr\/62993\/"},"modified":"2025-04-29T23:36:11","modified_gmt":"2025-04-29T23:36:11","slug":"bruno-retailleau-veut-dissoudre-la-jeune-garde-antifasciste-liberation","status":"publish","type":"post","link":"https:\/\/www.europesays.com\/fr\/62993\/","title":{"rendered":"Bruno Retailleau veut dissoudre la Jeune Garde antifasciste \u2013 Lib\u00e9ration"},"content":{"rendered":"<p class=\"sc-ksZaOG ehjQrN text-element\">Le ministre de l\u2019Int\u00e9rieur, Bruno Retailleau, a annonc\u00e9 ce mardi 29 avril devant l\u2019Assembl\u00e9e nationale engager une proc\u00e9dure contradictoire contre le mouvement d\u2019extr\u00eame gauche la Jeune Garde antifasciste en vue d\u2019une \u00e9ventuelle dissolution.<\/p>\n<p class=\"sc-ksZaOG ehjQrN text-element\">\u00abJe veux vous confirmer que dans quelques heures, la proc\u00e9dure contradictoire contre la Jeune Garde qui doit amener, je l\u2019esp\u00e8re, \u00e0 cette dissolution, sera engag\u00e9e\u00bb, a r\u00e9pondu Bruno Retailleau, interrog\u00e9 par le d\u00e9put\u00e9 RN S\u00e9bastien Chenu sur une \u00e9ventuelle dissolution de ce mouvement, lors de la s\u00e9ance des questions au gouvernement. \u00abCe sera l\u2019occasion pour la Jeune Garde de faire valoir ses droits et c\u2019est l\u2019occasion pour nous d\u2019amener, j\u2019esp\u00e8re \u00e0 son terme, la proc\u00e9dure de dissolution\u00bb, a ajout\u00e9 le ministre.<\/p>\n<p class=\"sc-ksZaOG ehjQrN text-element\">La Jeune Garde, dont le porte-parole est <a href=\"https:\/\/www.liberation.fr\/politique\/elections\/antifa-lyonnais-ex-npa-assistant-deducation-qui-est-raphael-arnault-le-candidat-lfi-qui-divise-dans-le-vaucluse-20240619_PZGSNYXJR5FCRM4UYUDOAJCHFI\/\" target=\"_blank\" rel=\"noreferrer noopener\" title=\"https:\/\/www.liberation.fr\/politique\/elections\/antifa-lyonnais-ex-npa-assistant-deducation-qui-est-raphael-arnault-le-candidat-lfi-qui-divise-dans-le-vaucluse-20240619_PZGSNYXJR5FCRM4UYUDOAJCHFI\/\">le d\u00e9put\u00e9 LFI du Vaucluse Rapha\u00ebl Arnault,<\/a> a \u00e9t\u00e9 fond\u00e9e en 2018 \u00e0 Lyon, en r\u00e9action \u00e0 la pr\u00e9sence de plus en plus marqu\u00e9e dans cette ville de militants d\u2019extr\u00eame droite. Leurs actions se concentrent dans la rue, notamment lors de rassemblements. Ils ont \u00e9t\u00e9 tr\u00e8s pr\u00e9sents lors des manifestations contre la r\u00e9forme des retraites, en 2023.<\/p>\n<p class=\"sc-ksZaOG ehjQrN text-element\">\u00abEn plein milieu d\u2019une bouillie islamophobe, et sous demande du RN, Retailleau annonce engager la dissolution de la Jeune Garde. C\u2019est un outil antifasciste indispensable dans la p\u00e9riode, l\u2019extr\u00eame droite l\u2019a bien compris et tente de nous d\u00e9truire. Tout le monde devra r\u00e9pondre pr\u00e9sent\u00bb, a aussit\u00f4t r\u00e9agi le d\u00e9put\u00e9 LFI sur son compte X.<\/p>\n<p class=\"sc-ksZaOG ehjQrN text-element\">Fin juin 2024, huit membres de la Jeune Garde ont \u00e9t\u00e9 mis en examen, <a href=\"https:\/\/www.liberation.fr\/societe\/police-justice\/agression-antisemite-presumee-par-des-membres-du-groupe-antifa-la-jeune-garde-ce-que-lon-sait-20240703_KOASNMMTKRCBTNPCTUQEIUKIK4\/\" target=\"_blank\" rel=\"noreferrer noopener\" title=\"https:\/\/www.liberation.fr\/societe\/police-justice\/agression-antisemite-presumee-par-des-membres-du-groupe-antifa-la-jeune-garde-ce-que-lon-sait-20240703_KOASNMMTKRCBTNPCTUQEIUKIK4\/\">soup\u00e7onn\u00e9s d\u2019avoir agress\u00e9 en mai un adolescent<\/a> identifi\u00e9 comme membre de la Ligue de d\u00e9fense juive (un groupuscule radical) dans le m\u00e9tro parisien apr\u00e8s une conf\u00e9rence de soutien \u00e0 Gaza de Rima Hassan. Selon le parquet, il y aurait eu \u00abdes gestes\u00bb, mais pas de coups visant la victime.<\/p>\n<p class=\"sc-ksZaOG ehjQrN text-element\">Une fois le contradictoire lanc\u00e9, le mouvement disposera d\u2019un d\u00e9lai de quinze jours pour exposer ses arguments.<\/p>\n","protected":false},"excerpt":{"rendered":"Le ministre de l\u2019Int\u00e9rieur, Bruno Retailleau, a annonc\u00e9 ce mardi 29 avril devant l\u2019Assembl\u00e9e nationale engager une proc\u00e9dure&hellip;\n","protected":false},"author":2,"featured_media":62994,"comment_status":"","ping_status":"","sticky":false,"template":"","format":"standard","meta":{"footnotes":""},"categories":[4],"tags":[11,1013,1011,27,12538,12,25],"class_list":{"0":"post-62993","1":"post","2":"type-post","3":"status-publish","4":"format-standard","5":"has-post-thumbnail","7":"category-france","8":"tag-actualites","9":"tag-bruno-retailleau","10":"tag-fr","11":"tag-france","12":"tag-ministere-de-l-interieur","13":"tag-news","14":"tag-republique-francaise"},"share_on_mastodon":{"url":"https:\/\/pubeurope.com\/@fr\/114423882310585124","error":""},"_links":{"self":[{"href":"https:\/\/www.europesays.com\/fr\/wp-json\/wp\/v2\/posts\/62993","targetHints":{"allow":["GET"]}}],"collection":[{"href":"https:\/\/www.europesays.com\/fr\/wp-json\/wp\/v2\/posts"}],"about":[{"href":"https:\/\/www.europesays.com\/fr\/wp-json\/wp\/v2\/types\/post"}],"author":[{"embeddable":true,"href":"https:\/\/www.europesays.com\/fr\/wp-json\/wp\/v2\/users\/2"}],"replies":[{"embeddable":true,"href":"https:\/\/www.europesays.com\/fr\/wp-json\/wp\/v2\/comments?post=62993"}],"version-history":[{"count":0,"href":"https:\/\/www.europesays.com\/fr\/wp-json\/wp\/v2\/posts\/62993\/revisions"}],"wp:featuredmedia":[{"embeddable":true,"href":"https:\/\/www.europesays.com\/fr\/wp-json\/wp\/v2\/media\/62994"}],"wp:attachment":[{"href":"https:\/\/www.europesays.com\/fr\/wp-json\/wp\/v2\/media?parent=62993"}],"wp:term":[{"taxonomy":"category","embeddable":true,"href":"https:\/\/www.europesays.com\/fr\/wp-json\/wp\/v2\/categories?post=62993"},{"taxonomy":"post_tag","embeddable":true,"href":"https:\/\/www.europesays.com\/fr\/wp-json\/wp\/v2\/tags?post=62993"}],"curies":[{"name":"wp","href":"https:\/\/api.w.org\/{rel}","templated":true}]}}