{"id":629935,"date":"2025-12-30T13:33:13","date_gmt":"2025-12-30T13:33:13","guid":{"rendered":"https:\/\/www.europesays.com\/fr\/629935\/"},"modified":"2025-12-30T13:33:13","modified_gmt":"2025-12-30T13:33:13","slug":"football-en-manque-de-temps-de-jeu-en-pologne-pape-meissa-ba-ex-gf38-de-retour-en-ligue-2","status":"publish","type":"post","link":"https:\/\/www.europesays.com\/fr\/629935\/","title":{"rendered":"Football. En manque de temps de jeu en Pologne, Pape Me\u00efssa Ba (ex-GF38) de retour en Ligue 2 ?"},"content":{"rendered":"<p>Retour \u00e0 la case d\u00e9part pour Pape Me\u00efssa Ba ? <a href=\"https:\/\/www.ledauphine.com\/sport\/2025\/01\/29\/gf38-le-buteur-pape-meissa-ba-a-schalke-04-pour-300-000-euros#PlugCommentsList2\" target=\"_blank\" rel=\"noopener\">Parti du GF38 \u00e0 Schalke 04<\/a> (Allemagne) alors qu&rsquo;il \u00e9tait deuxi\u00e8me meilleur buteur de Ligue 2, l&rsquo;attaquant s\u00e9n\u00e9galais pourrait retrouver le championnat fran\u00e7ais cet hiver du c\u00f4t\u00e9 de Laval, 17e.<\/p>\n<p>Aucune minute jou\u00e9e depuis le 8 novembre<\/p>\n<p>Selon <a href=\"https:\/\/www.ouest-france.fr\/sport\/football\/stade-lavallois\/stade-lavallois-une-reprise-sans-recrue-mais-en-pensant-a-pape-meissa-ba-eded5606-e3d3-11f0-8a75-c20b0b6b178b\" target=\"_blank\" rel=\"noopener\">nos confr\u00e8res d&rsquo;Ouest France<\/a>, le club tango aimerait recruter l&rsquo;ancien Grenoblois qui \u00e9volue actuellement \u00e0 Lodz en Pologne. Une formation dans laquelle il ne s&rsquo;est jamais impos\u00e9. En t\u00e9moignent, les maigres 69 minutes de jeu propos\u00e9es par son entra\u00eeneur. Titulaire \u00e0 une seule reprise depuis son arriv\u00e9e libre au mois de septembre,\u00a0l&rsquo;avant-centre de 28 ans n&rsquo;est plus entr\u00e9 en jeu depuis le 8 novembre.<\/p>\n<p><a href=\"https:\/\/www.ledauphine.com\/sport\/calendrier-resultats\/football\/national-ligue-2\" target=\"_blank\" rel=\"noopener\"><strong>&gt;&gt;\u00a0Les r\u00e9sultats, le classement et le calendrier de Ligue 2<\/strong><\/a><\/p>\n","protected":false},"excerpt":{"rendered":"Retour \u00e0 la case d\u00e9part pour Pape Me\u00efssa Ba ? Parti du GF38 \u00e0 Schalke 04 (Allemagne) alors&hellip;\n","protected":false},"author":2,"featured_media":629936,"comment_status":"","ping_status":"","sticky":false,"template":"","format":"standard","meta":{"footnotes":""},"categories":[9566],"tags":[1111,11,2430,112,113,114,1777,674,1701,63,1011,27,12637,2731,2732,108,12636,23100,12,25,517],"class_list":{"0":"post-629935","1":"post","2":"type-post","3":"status-publish","4":"format-standard","5":"has-post-thumbnail","7":"category-grenoble","8":"tag-actu","9":"tag-actualites","10":"tag-auvergne-rhone-alpes","11":"tag-edition-grenoble-agglomeration","12":"tag-edition-gresivaudan-oisans","13":"tag-edition-voiron-saint-marcellin","14":"tag-eu","15":"tag-europe","16":"tag-fil-info-sport","17":"tag-football","18":"tag-fr","19":"tag-france","20":"tag-gf38-grenoble-foot-38","21":"tag-grenoble","22":"tag-grenoble-bassin","23":"tag-isere","24":"tag-ligue-2-football","25":"tag-mercato-football","26":"tag-news","27":"tag-republique-francaise","28":"tag-sport"},"share_on_mastodon":{"url":"https:\/\/pubeurope.com\/@fr\/115808777196262055","error":""},"_links":{"self":[{"href":"https:\/\/www.europesays.com\/fr\/wp-json\/wp\/v2\/posts\/629935","targetHints":{"allow":["GET"]}}],"collection":[{"href":"https:\/\/www.europesays.com\/fr\/wp-json\/wp\/v2\/posts"}],"about":[{"href":"https:\/\/www.europesays.com\/fr\/wp-json\/wp\/v2\/types\/post"}],"author":[{"embeddable":true,"href":"https:\/\/www.europesays.com\/fr\/wp-json\/wp\/v2\/users\/2"}],"replies":[{"embeddable":true,"href":"https:\/\/www.europesays.com\/fr\/wp-json\/wp\/v2\/comments?post=629935"}],"version-history":[{"count":0,"href":"https:\/\/www.europesays.com\/fr\/wp-json\/wp\/v2\/posts\/629935\/revisions"}],"wp:featuredmedia":[{"embeddable":true,"href":"https:\/\/www.europesays.com\/fr\/wp-json\/wp\/v2\/media\/629936"}],"wp:attachment":[{"href":"https:\/\/www.europesays.com\/fr\/wp-json\/wp\/v2\/media?parent=629935"}],"wp:term":[{"taxonomy":"category","embeddable":true,"href":"https:\/\/www.europesays.com\/fr\/wp-json\/wp\/v2\/categories?post=629935"},{"taxonomy":"post_tag","embeddable":true,"href":"https:\/\/www.europesays.com\/fr\/wp-json\/wp\/v2\/tags?post=629935"}],"curies":[{"name":"wp","href":"https:\/\/api.w.org\/{rel}","templated":true}]}}