{"id":629953,"date":"2025-12-30T13:44:12","date_gmt":"2025-12-30T13:44:12","guid":{"rendered":"https:\/\/www.europesays.com\/fr\/629953\/"},"modified":"2025-12-30T13:44:12","modified_gmt":"2025-12-30T13:44:12","slug":"pourquoi-le-chauffard-en-peugeot-2008-a-tente-de-senfuir","status":"publish","type":"post","link":"https:\/\/www.europesays.com\/fr\/629953\/","title":{"rendered":"pourquoi le chauffard en Peugeot 2008 a tent\u00e9 de s&rsquo;enfuir"},"content":{"rendered":"<p>                    Par<br \/>\n        <strong><br \/>\n            <a href=\"https:\/\/actu.fr\/auteur\/guillaume-laurens\" title=\"Consulter tous les articles de Guillaume Laurens\" target=\"_blank\" rel=\"noopener\">Guillaume Laurens<\/a><br \/>\n                    <\/strong><\/p>\n<p>        Publi\u00e9 le<\/p>\n<p>            30 d\u00e9c. 2025 \u00e0 12h22        <\/p>\n<p>En toute fin d\u2019apr\u00e8s-midi, ce dimanche 28 d\u00e9cembre 2025, un <strong>refus d\u2019obtemp\u00e9rer<\/strong> sur la commune de <strong><a href=\"https:\/\/actu.fr\/occitanie\/cugnaux_31157\" target=\"_blank\" rel=\"noopener\">Cugnaux<\/a> <\/strong>a donn\u00e9 quelques sueurs froides aux gendarmes de la Haute-Garonne\u2026 jusque sur le <a href=\"https:\/\/actu.fr\/tag\/peripherique-de-toulouse\" target=\"_blank\" rel=\"noopener\"><strong>p\u00e9riph\u00e9rique Est<\/strong>\u00a0de <strong>Toulouse<\/strong>.<\/a><\/p>\n<p>Un refus d\u2019obtemp\u00e9rer aux gendarmes \u00e0 Cugnaux<\/p>\n<p class=\" wall-content\">Sur les coups de 17 heures, ce dimanche, un <strong>automobiliste<\/strong> \u00e0 bord d\u2019une <strong>Peugeot 2008<\/strong> a en effet refus\u00e9 de se soumettre \u00e0 un contr\u00f4le des militaires du Peloton de surveillance et d\u2019intervention de la Gendarmerie, sur la commune de <strong>Cugnaux,<\/strong> au sud-est de la Ville rose.<\/p>\n<p>Poursuivi sur le p\u00e9riph, il est arr\u00eat\u00e9 \u00e0 Gramont<\/p>\n<p class=\" wall-content\">Le v\u00e9hicule s\u2019est enfui \u00e0 une vitesse folle, prenant des risques inconsid\u00e9r\u00e9s, et faisant l\u2019objet d\u2019un <strong>\u00ab\u00a0jalonnement\u00a0\u00bb<\/strong> (en d\u2019autres termes, d\u2019une poursuite, NDLR) par les gendarmes jusque sur<strong> le p\u00e9riph\u00e9rique<\/strong> toulousain, que le chauffard a fini par quitter.<\/p>\n<p class=\" wall-content\">Arriv\u00e9 sur le parking de <strong>l\u2019hypermarch\u00e9 Auchan<\/strong> \u00e0 <strong>Gramont<\/strong>, le conducteur a \u00e9t\u00e9 <strong>interpell\u00e9<\/strong> avant de pouvoir s\u2019enfuir. Qu\u2019avait-il \u00e0 cacher pour agir ainsi ? Arr\u00eat\u00e9 avec <strong>10 grammes de cannabis<\/strong>, cet automobiliste \u00e2g\u00e9 de <strong>30 ans<\/strong> \u00e9tait aussi et surtout au volant d\u2019un <strong>v\u00e9hicule vol\u00e9.<\/strong><\/p>\n<p>Vid\u00e9os : en ce moment sur ActuEn fuite, le passager est recherch\u00e9<\/p>\n<p class=\" wall-content\">Quant \u00e0 son passager, il s\u2019est <strong>\u00e9vapor\u00e9<\/strong> \u00e0 la vue des forces de l\u2019ordre et \u00e9tait toujours <strong>activement recherch\u00e9<\/strong> par les gendarmes de la Haute-Garonne ce lundi soir.<\/p>\n<p class=\" wall-content\">Personnalisez votre actualit\u00e9 en ajoutant vos villes et m\u00e9dias en favori avec <a href=\"https:\/\/moncompte.actu.fr\" title=\"D\u00e9couvez Mon Actu\" rel=\"nofollow noopener\" data-trk=\"{&quot;cta&quot;:{&quot;action&quot;:&quot;https:\\\/\\\/moncompte.actu.fr&quot;,&quot;category&quot;:&quot;mon compte&quot;,&quot;from&quot;:&quot;article footer&quot;,&quot;name&quot;:&quot;Mon actu&quot;,&quot;type&quot;:&quot;cta&quot;}}\" target=\"_blank\">Mon Actu<\/a>.<\/p>\n","protected":false},"excerpt":{"rendered":"Par Guillaume Laurens Publi\u00e9 le 30 d\u00e9c. 2025 \u00e0 12h22 En toute fin d\u2019apr\u00e8s-midi, ce dimanche 28 d\u00e9cembre&hellip;\n","protected":false},"author":2,"featured_media":629954,"comment_status":"","ping_status":"","sticky":false,"template":"","format":"standard","meta":{"footnotes":""},"categories":[2816],"tags":[1111,11,1777,674,118,1011,27,3381,12,2680,25,2312],"class_list":{"0":"post-629953","1":"post","2":"type-post","3":"status-publish","4":"format-standard","5":"has-post-thumbnail","7":"category-toulouse","8":"tag-actu","9":"tag-actualites","10":"tag-eu","11":"tag-europe","12":"tag-faits-divers","13":"tag-fr","14":"tag-france","15":"tag-gendarmerie","16":"tag-news","17":"tag-occitanie","18":"tag-republique-francaise","19":"tag-toulouse"},"share_on_mastodon":{"url":"https:\/\/pubeurope.com\/@fr\/115808820566328571","error":""},"_links":{"self":[{"href":"https:\/\/www.europesays.com\/fr\/wp-json\/wp\/v2\/posts\/629953","targetHints":{"allow":["GET"]}}],"collection":[{"href":"https:\/\/www.europesays.com\/fr\/wp-json\/wp\/v2\/posts"}],"about":[{"href":"https:\/\/www.europesays.com\/fr\/wp-json\/wp\/v2\/types\/post"}],"author":[{"embeddable":true,"href":"https:\/\/www.europesays.com\/fr\/wp-json\/wp\/v2\/users\/2"}],"replies":[{"embeddable":true,"href":"https:\/\/www.europesays.com\/fr\/wp-json\/wp\/v2\/comments?post=629953"}],"version-history":[{"count":0,"href":"https:\/\/www.europesays.com\/fr\/wp-json\/wp\/v2\/posts\/629953\/revisions"}],"wp:featuredmedia":[{"embeddable":true,"href":"https:\/\/www.europesays.com\/fr\/wp-json\/wp\/v2\/media\/629954"}],"wp:attachment":[{"href":"https:\/\/www.europesays.com\/fr\/wp-json\/wp\/v2\/media?parent=629953"}],"wp:term":[{"taxonomy":"category","embeddable":true,"href":"https:\/\/www.europesays.com\/fr\/wp-json\/wp\/v2\/categories?post=629953"},{"taxonomy":"post_tag","embeddable":true,"href":"https:\/\/www.europesays.com\/fr\/wp-json\/wp\/v2\/tags?post=629953"}],"curies":[{"name":"wp","href":"https:\/\/api.w.org\/{rel}","templated":true}]}}