{"id":629961,"date":"2025-12-30T13:49:10","date_gmt":"2025-12-30T13:49:10","guid":{"rendered":"https:\/\/www.europesays.com\/fr\/629961\/"},"modified":"2025-12-30T13:49:10","modified_gmt":"2025-12-30T13:49:10","slug":"sebastien-delogu-lfi-depose-une-proposition-de-loi-pour-supprimer-la-metropole-aix-marseille","status":"publish","type":"post","link":"https:\/\/www.europesays.com\/fr\/629961\/","title":{"rendered":"S\u00e9bastien Delogu (LFI) d\u00e9pose une proposition de loi pour supprimer la m\u00e9tropole Aix-Marseille"},"content":{"rendered":"<p>Le candidat de <a href=\"https:\/\/www.20minutes.fr\/politique\/france-insoumise\/\" class=\"c-link c-link--is-underlined\" target=\"_blank\" rel=\"noopener\">La France insoumise<\/a> \u00e0 la mairie de <a href=\"https:\/\/www.20minutes.fr\/marseille\/\" class=\"c-link c-link--is-underlined\" target=\"_blank\" rel=\"noopener\">Marseille<\/a>, <a href=\"https:\/\/www.20minutes.fr\/politique\/4185908-20251116-municipales-marseille-sebastien-delogu-depute-lfi-annonce-candidature\" class=\"c-link c-link--is-underlined\" target=\"_blank\" rel=\"noopener\">S\u00e9bastien Delogu<\/a>, a d\u00e9pos\u00e9 une proposition de loi \u00e0 l\u2019<a href=\"https:\/\/www.20minutes.fr\/dossier\/assemblee_nationale\" class=\"c-link c-link--is-underlined\" target=\"_blank\" rel=\"noopener\">Assemble nationale<\/a>, visant \u00e0 supprimer la m\u00e9tropole Aix-Marseille Provence, regroupant 92 communes membres. La concr\u00e9tisation d\u2019une ambition d\u00e9j\u00e0 annonc\u00e9e dans le rapport \u00ab\u00a0Marseille en vrai\u00a0\u00bb, co\u00e9crit avec le d\u00e9put\u00e9 <a href=\"https:\/\/www.20minutes.fr\/politique\/manuel-bompard\/\" class=\"c-link c-link--is-underlined\" target=\"_blank\" rel=\"noopener\">Manuel Bompard<\/a> et paru d\u00e9but d\u00e9cembre.<\/p>\n<p>Dans ce rapport, visant \u00e0 r\u00e9pondre au <a href=\"https:\/\/www.20minutes.fr\/marseille\/projet-marseille-grand\/\" class=\"c-link c-link--is-underlined\" target=\"_blank\" rel=\"noopener\">plan \u00ab\u00a0Marseille en grand\u00a0\u00bb<\/a> d\u2019<a href=\"https:\/\/www.20minutes.fr\/politique\/emmanuel-macron\/\" class=\"c-link c-link--is-underlined\" target=\"_blank\" rel=\"noopener\">Emmanuel Macron<\/a>, les deux d\u00e9put\u00e9s LFI \u00e9trillaient une institution cr\u00e9\u00e9e par \u00ab\u00a0fusion forc\u00e9e de six intercommunalit\u00e9s\u00a0\u00bb en\u00a02016. \u00ab\u00a0Cette structure surdimensionn\u00e9e ne favorise ni l\u2019efficacit\u00e9 ni le consensus\u00a0: elle cristallise les logiques d\u2019opposition, la surench\u00e8re politicienne, et entretient le flou des responsabilit\u00e9s\u00a0\u00bb, d\u00e9ploraient-ils, faisant r\u00e9f\u00e9rence aux <a href=\"https:\/\/www.20minutes.fr\/politique\/martine-vassal\/4042327-20230621-macron-marseille-jamais-fait-chicayas-adressez-printemps-marseillais-accuse-martine-vassal\" class=\"c-link c-link--is-underlined\" target=\"_blank\" rel=\"noopener\">\u00ab\u00a0chicayas\u00a0\u00bb<\/a> d\u00e9nonc\u00e9s par le pr\u00e9sident de la R\u00e9publique.<\/p>\n<p>Ils citent \u00e9galement le rapport <a href=\"https:\/\/www.20minutes.fr\/politique\/4093763-20240530-fin-grand-paris-retour-cumul-mandats-faut-retenir-rapport-decentralisation\" class=\"c-link c-link--is-underlined\" target=\"_blank\" rel=\"noopener\">sur la d\u00e9centralisation de l\u2019ancien ministre \u00c9ric Woerth, publi\u00e9 en\u00a02024<\/a>, qui pointait une intercommunalit\u00e9 \u00ab\u00a0dans l\u2019impasse\u00a0\u00bb \u00ab\u00a0autant politique que financi\u00e8re\u00a0\u00bb.<\/p>\n<\/p>\n<p>Suppression \u00ab\u00a0dans un d\u00e9lai de trois mois\u00a0\u00bb<\/p>\n<p>Fort de tous ces constats, le d\u00e9put\u00e9 propose ainsi de supprimer l\u2019\u00e9tablissement public de coop\u00e9ration intercommunale (EPCI) qui a \u00e9chou\u00e9 \u00e0 \u00ab\u00a0atteindre ses objectifs initiaux d\u2019harmonisation, de simplification administrative et de coh\u00e9rence territoriale\u00a0\u00bb, selon l\u2019expos\u00e9 des motifs du texte de loi, visible sur le <a href=\"https:\/\/www.assemblee-nationale.fr\/dyn\/17\/textes\/l17b2295_proposition-loi\" rel=\"nofollow noopener\" target=\"_blank\" class=\"c-link c-link--is-underlined\">site Internet<\/a> de l\u2019Assembl\u00e9e nationale et d\u00e9pos\u00e9 le 23\u00a0d\u00e9cembre dernier.<\/p>\n<p>Une fois la suppression effective \u00ab\u00a0dans un d\u00e9lai de trois mois suivant la promulgation de la pr\u00e9sente loi\u00a0\u00bb, le texte pr\u00e9voit l\u2019organisation d\u2019une \u00ab\u00a0conf\u00e9rence des maires des communes membres de la m\u00e9tropole\u00a0\u00bb sous l\u2019autorit\u00e9 du pr\u00e9fet des <a href=\"https:\/\/www.20minutes.fr\/dossier\/bouches-rhone\" class=\"c-link c-link--is-underlined\" target=\"_blank\" rel=\"noopener\">Bouches-du-Rh\u00f4ne<\/a>, afin de \u00ab\u00a0d\u00e9finir un nouveau sch\u00e9ma d\u00e9partemental de coop\u00e9ration intercommunale\u00a0\u00bb. Les comp\u00e9tences seront ensuite r\u00e9parties entre les nouveaux \u00e9tablissements publics de coop\u00e9ration intercommunale (EPCI). Une consultation des habitants concern\u00e9s est enfin pr\u00e9vue, dans un d\u00e9lai de deux ans maximum apr\u00e8s la promulgation de la loi. Enfin, pour compenser le co\u00fbt de cette suppression, le troisi\u00e8me article du texte pr\u00e9voit enfin la cr\u00e9ation d\u2019une taxe additionnelle sur le <a href=\"https:\/\/www.20minutes.fr\/dossier\/tabac\" class=\"c-link c-link--is-underlined\" target=\"_blank\" rel=\"noopener\">tabac<\/a>.<\/p>\n<p>De quoi glacer un peu plus les relations entre le candidat Insoumis et <a href=\"https:\/\/www.20minutes.fr\/politique\/martine-vassal\/\" class=\"c-link c-link--is-underlined\" target=\"_blank\" rel=\"noopener\">Martine Vassal,<\/a> pr\u00e9sidente de la m\u00e9tropole et du d\u00e9partement, \u00e9galement <a href=\"https:\/\/www.20minutes.fr\/politique\/4187144-20251122-municipales-marseille-passee-choc-autorite-guerre-contre-insecurite-annonce-martine-vassal\" class=\"c-link c-link--is-underlined\" target=\"_blank\" rel=\"noopener\">candidate de la droite et du centre<\/a> aux \u00e9lections municipales. L\u2019institution a par ailleurs port\u00e9 plainte il y a quelques jours contre S\u00e9bastien Delogu apr\u00e8s ses propos sur l\u2019antenne d\u2019<a href=\"https:\/\/www.francebleu.fr\/infos\/politique\/a-marseille-la-metropole-poursuit-en-justice-sebastien-delogu-apres-des-propos-tenus-sur-ici-provence-2955476\" rel=\"nofollow noopener\" target=\"_blank\" class=\"c-link c-link--is-underlined\">Ici Provence<\/a>. Il avait notamment d\u00e9nonc\u00e9 un \u00ab\u00a0syst\u00e8me client\u00e9laire corrompu\u00a0\u00bb au sein de la m\u00e9tropole.<\/p>\n","protected":false},"excerpt":{"rendered":"Le candidat de La France insoumise \u00e0 la mairie de Marseille, S\u00e9bastien Delogu, a d\u00e9pos\u00e9 une proposition de&hellip;\n","protected":false},"author":2,"featured_media":629962,"comment_status":"","ping_status":"","sticky":false,"template":"","format":"standard","meta":{"footnotes":""},"categories":[2814],"tags":[1111,47,11,416,885,2761,1777,674,1011,27,1023,5415,17852,884,21363,12,883,316,71372,882,1306,25],"class_list":{"0":"post-629961","1":"post","2":"type-post","3":"status-publish","4":"format-standard","5":"has-post-thumbnail","7":"category-marseille","8":"tag-actu","9":"tag-actualite","10":"tag-actualites","11":"tag-assemblee-nationale","12":"tag-bouches-du-rhone","13":"tag-elections-municipales-2026","14":"tag-eu","15":"tag-europe","16":"tag-fr","17":"tag-france","18":"tag-la-france-insoumise-lfi","19":"tag-mairie","20":"tag-manuel-bompard","21":"tag-marseille","22":"tag-martine-vassal","23":"tag-news","24":"tag-paca","25":"tag-politique","26":"tag-projet-marseille-en-grand","27":"tag-provence-alpes-cote-dazur","28":"tag-regions","29":"tag-republique-francaise"},"share_on_mastodon":{"url":"https:\/\/pubeurope.com\/@fr\/115808840172606897","error":""},"_links":{"self":[{"href":"https:\/\/www.europesays.com\/fr\/wp-json\/wp\/v2\/posts\/629961","targetHints":{"allow":["GET"]}}],"collection":[{"href":"https:\/\/www.europesays.com\/fr\/wp-json\/wp\/v2\/posts"}],"about":[{"href":"https:\/\/www.europesays.com\/fr\/wp-json\/wp\/v2\/types\/post"}],"author":[{"embeddable":true,"href":"https:\/\/www.europesays.com\/fr\/wp-json\/wp\/v2\/users\/2"}],"replies":[{"embeddable":true,"href":"https:\/\/www.europesays.com\/fr\/wp-json\/wp\/v2\/comments?post=629961"}],"version-history":[{"count":0,"href":"https:\/\/www.europesays.com\/fr\/wp-json\/wp\/v2\/posts\/629961\/revisions"}],"wp:featuredmedia":[{"embeddable":true,"href":"https:\/\/www.europesays.com\/fr\/wp-json\/wp\/v2\/media\/629962"}],"wp:attachment":[{"href":"https:\/\/www.europesays.com\/fr\/wp-json\/wp\/v2\/media?parent=629961"}],"wp:term":[{"taxonomy":"category","embeddable":true,"href":"https:\/\/www.europesays.com\/fr\/wp-json\/wp\/v2\/categories?post=629961"},{"taxonomy":"post_tag","embeddable":true,"href":"https:\/\/www.europesays.com\/fr\/wp-json\/wp\/v2\/tags?post=629961"}],"curies":[{"name":"wp","href":"https:\/\/api.w.org\/{rel}","templated":true}]}}