{"id":629979,"date":"2025-12-30T14:00:24","date_gmt":"2025-12-30T14:00:24","guid":{"rendered":"https:\/\/www.europesays.com\/fr\/629979\/"},"modified":"2025-12-30T14:00:24","modified_gmt":"2025-12-30T14:00:24","slug":"ukraine-les-dirigeants-europeens-se-concertent-apres-les-accusations-de-la-russie-30-12-2025-a-1155","status":"publish","type":"post","link":"https:\/\/www.europesays.com\/fr\/629979\/","title":{"rendered":"Ukraine: Les dirigeants europ\u00e9ens se concertent apr\u00e8s les accusations de la Russie &#8211; 30\/12\/2025 \u00e0 11:55"},"content":{"rendered":"<p>        <img decoding=\"async\" src=\"https:\/\/www.europesays.com\/fr\/wp-content\/uploads\/2025\/12\/7f509cf5c141cd8d36df9dd222ff90cd-760x506.jpg\" alt=\"Le pr\u00e9sident ukrainien Volodimir Zelensky et le Premier ministre polonais Donald Tusk\" loading=\"eager\" fetchpriority=\"high\" width=\"760\" height=\"506\" style=\"max-width: 100%!important; height: auto;\"\/><\/p>\n<p class=\"c-image-news__legend\">Le pr\u00e9sident ukrainien Volodimir Zelensky et le Premier ministre polonais Donald Tusk<\/p>\n<p>\n Le Premier ministre polonais Donald Tusk devait s&rsquo;entretenir mardi \u00e0 10h00 GMT avec d&rsquo;autres dirigeants europ\u00e9ens au sujet de la situation en Ukraine, selon \u200dun porte-parole du gouvernement polonais.\n<\/p>\n<p>\n Cette r\u00e9union intervient alors que la Russie a accus\u00e9 l&rsquo;Ukraine lundi d&rsquo;avoir cibl\u00e9 une des r\u00e9sidences officielles du pr\u00e9sident russe Vladimir Poutine, une attaque pr\u00e9sum\u00e9e qui pourrait mettre \u00e0 \u200cmal l&rsquo;avenir des n\u00e9gociations de paix.\n<\/p>\n<p>\n Selon le ministre russe des Affaires \u00e9trang\u00e8res Sergue\u00ef Lavrov, dont les propos \u00e9taient rapport\u00e9s par Interfax, 91 drones ukrainiens de longue port\u00e9e ont attaqu\u00e9 la r\u00e9sidence \u200bd&rsquo;\u00e9t\u00e9 du pr\u00e9sident russe les 28 et 29 d\u00e9cembre, pr\u00e8s du lac Valda\u00ef, dans l&rsquo;oblast \u2060de Novgorod (nord-ouest).\n<\/p>\n<p>\n Lundi, Vladimir Poutine a d\u00e9clar\u00e9 \u00e0 Donald Trump, lors d&rsquo;un \u00e9change t\u00e9l\u00e9phonique, que la Russie r\u00e9examinerait sa position dans les n\u00e9gociations de paix en cours.\n<\/p>\n<p>\n Le \u2060Kremlin a rench\u00e9ri mardi en d\u00e9clarant \u200dque la Russie durcirait ses exigences sur un \u00e9ventuel accord.\n<\/p>\n<p>\n Le pr\u00e9sident ukrainien \u2060Volodimir Zelensky a d\u00e9nonc\u00e9 lundi des \u00ab\u00a0mensonges\u00a0\u00bb. Il a estim\u00e9 que Moscou usait d&rsquo;un pr\u00e9texte pour lancer une offensive contre des b\u00e2timents gouvernementaux \u00e0 Kyiv et saper les efforts de paix.\n<\/p>\n<p>\n Le porte-parole du Kremlin, Dmitri \u200bPeskov, a d\u00e9clar\u00e9 mardi que les m\u00e9dias occidentaux jouaient le jeu de Kyiv face \u00e0 une \u00ab\u00a0attaque terroriste\u00a0\u00bb.\n<\/p>\n<p>\n \u00ab\u00a0Nous voyons que Zelensky lui-m\u00eame tente de nier cela, et de nombreux m\u00e9dias occidentaux, jouant le jeu \u2060du r\u00e9gime de Kyiv, commencent \u00e0 r\u00e9pandre l&rsquo;id\u00e9e que cela ne s&rsquo;est pas produit\u00a0\u00bb, \u200ba d\u00e9clar\u00e9 Dmitri Peskov. \u00ab\u00a0C&rsquo;est une affirmation compl\u00e8tement insens\u00e9e.\u00a0\u00bb\n<\/p>\n<p>\n Il a refus\u00e9 de r\u00e9v\u00e9ler \u200bo\u00f9 se trouvait Vladimir \u200bPoutine au moment de l&rsquo;attaque, affirmant qu&rsquo;au vu des \u00e9v\u00e9nements r\u00e9cents, de tels d\u00e9tails ne devaient pas \u200b\u00eatre rendus publics.\n<\/p>\n<p>\n Interrog\u00e9 sur les preuves dont dispose \u2060la Russie au sujet de l&rsquo;attaque, Dmitri Peskov a r\u00e9pondu que les d\u00e9fenses a\u00e9riennes avaient abattu les drones et que la question des d\u00e9bris relevait du minist\u00e8re de la D\u00e9fense.\n<\/p>\n<p>\n Le ministre ukrainien des Affaires \u00e9trang\u00e8res Andrii Sybiha a appel\u00e9 mardi les autres pays \u00e0 ne pas r\u00e9agir aux informations russes, qu&rsquo;il a \u200cqualifi\u00e9es de fausses.\n<\/p>\n<p>\n \u00ab\u00a0Pr\u00e8s d&rsquo;une journ\u00e9e s&rsquo;est \u00e9coul\u00e9e, et la Russie n&rsquo;a toujours pas fourni de preuves plausibles \u00e0 l&rsquo;appui de ses accusations selon lesquelles l&rsquo;Ukraine aurait &lsquo;attaqu\u00e9 la r\u00e9sidence de Poutine&rsquo;. Et elle ne le fera pas. Parce qu&rsquo;il n&rsquo;y en a pas. Aucune attaque de ce type n&rsquo;a eu lieu\u00a0\u00bb, a-t-il d\u00e9clar\u00e9 sur X.\n<\/p>\n<p>\n (Alan Charlish, Pawel Florkiewicz et Anna Wlodarczak-Semczuk, Olena Harmash, Dmitry Antonov; version fran\u00e7aise Etienne \u200cBreban ; \u00e9dit\u00e9 par Blandine H\u00e9nault)<\/p>\n","protected":false},"excerpt":{"rendered":"Le pr\u00e9sident ukrainien Volodimir Zelensky et le Premier ministre polonais Donald Tusk Le Premier ministre polonais Donald Tusk&hellip;\n","protected":false},"author":2,"featured_media":629980,"comment_status":"","ping_status":"","sticky":false,"template":"","format":"standard","meta":{"footnotes":""},"categories":[1590],"tags":[400,11,398,408,405,1777,674,403,402,399,404,12,401,406,220,407],"class_list":{"0":"post-629979","1":"post","2":"type-post","3":"status-publish","4":"format-standard","5":"has-post-thumbnail","7":"category-ukraine","8":"tag-action-cac-40","9":"tag-actualites","10":"tag-bourse-de-paris","11":"tag-boursorama","12":"tag-cotations","13":"tag-eu","14":"tag-europe","15":"tag-indices-devises","16":"tag-investir","17":"tag-investissement","18":"tag-marche-boursier","19":"tag-news","20":"tag-sicav","21":"tag-trackers","22":"tag-ukraine","23":"tag-warrants"},"share_on_mastodon":{"url":"https:\/\/pubeurope.com\/@fr\/115808883448548414","error":""},"_links":{"self":[{"href":"https:\/\/www.europesays.com\/fr\/wp-json\/wp\/v2\/posts\/629979","targetHints":{"allow":["GET"]}}],"collection":[{"href":"https:\/\/www.europesays.com\/fr\/wp-json\/wp\/v2\/posts"}],"about":[{"href":"https:\/\/www.europesays.com\/fr\/wp-json\/wp\/v2\/types\/post"}],"author":[{"embeddable":true,"href":"https:\/\/www.europesays.com\/fr\/wp-json\/wp\/v2\/users\/2"}],"replies":[{"embeddable":true,"href":"https:\/\/www.europesays.com\/fr\/wp-json\/wp\/v2\/comments?post=629979"}],"version-history":[{"count":0,"href":"https:\/\/www.europesays.com\/fr\/wp-json\/wp\/v2\/posts\/629979\/revisions"}],"wp:featuredmedia":[{"embeddable":true,"href":"https:\/\/www.europesays.com\/fr\/wp-json\/wp\/v2\/media\/629980"}],"wp:attachment":[{"href":"https:\/\/www.europesays.com\/fr\/wp-json\/wp\/v2\/media?parent=629979"}],"wp:term":[{"taxonomy":"category","embeddable":true,"href":"https:\/\/www.europesays.com\/fr\/wp-json\/wp\/v2\/categories?post=629979"},{"taxonomy":"post_tag","embeddable":true,"href":"https:\/\/www.europesays.com\/fr\/wp-json\/wp\/v2\/tags?post=629979"}],"curies":[{"name":"wp","href":"https:\/\/api.w.org\/{rel}","templated":true}]}}