{"id":629983,"date":"2025-12-30T14:02:13","date_gmt":"2025-12-30T14:02:13","guid":{"rendered":"https:\/\/www.europesays.com\/fr\/629983\/"},"modified":"2025-12-30T14:02:13","modified_gmt":"2025-12-30T14:02:13","slug":"letrange-conversation-disparue-de-jacques-chirac-et-tony-blair","status":"publish","type":"post","link":"https:\/\/www.europesays.com\/fr\/629983\/","title":{"rendered":"L\u2019\u00e9trange conversation disparue de Jacques Chirac et Tony Blair"},"content":{"rendered":"<p>Tous les vingt ans, les services du 10 Downing Street, r\u00e9sidence du Premier ministre britannique, transmettent leurs dossiers aux Archives nationales. Ce d\u00e9p\u00f4t est l\u2019occasion pour les journalistes, apr\u00e8s le respect d\u2019un embargo, de d\u00e9nicher quelques perles. La derni\u00e8re livraison, d\u00e9voil\u00e9e par le quotidien The Guardian, r\u00e9v\u00e8le qu\u2019en 2005, les services du Premier ministre ont jug\u00e9 \u00ab\u00a0confidentiel\u00a0\u00bb et \u00ab\u00a0fondamentalement pas dans l\u2019int\u00e9r\u00eat du public\u00a0\u00bb les conversations diplomatiques entre le pr\u00e9sident fran\u00e7ais Jacques Chirac et Tony Blair, chef du gouvernement britannique au moment de la mort de <a target=\"_blank\" href=\"https:\/\/www.pointdevue.fr\/grand-angle\/biographies\/diana-spencer\" rel=\"noopener\">Diana<\/a>. Ces \u00e9changes, datant de 1997, avaient donc \u00e9t\u00e9 mis d\u00e9finitivement \u00e0 l&rsquo;abri des regards en 2005. Et ne sont pas r\u00e9apparus depuis.<\/p>\n<p><img decoding=\"async\" src=\"https:\/\/www.europesays.com\/fr\/wp-content\/uploads\/2025\/12\/ABACA_BRPAPhotos20251229_012yXbqzeOizz.jpg\" alt=\"La princesse Diana, disparue tragiquement le 31 aout 1997.\"\/><strong>La princesse Diana, disparue tragiquement le 31 aout 1997.<\/strong> \u00a9 PA Photos\/ABACA<\/p>\n<p>Et pour cause. Le contexte de cette nuit fatale \u00e0 l&rsquo;ancienne princesse de Galles est particulier. Le chef de l&rsquo;\u00e9tat fran\u00e7ais avait \u00e9t\u00e9 inform\u00e9 tardivement de la mort de la m\u00e8re des princes <a href=\"https:\/\/www.pointdevue.fr\/grand-angle\/biographies\/prince-william\" target=\"_blank\" rel=\"noopener\">William<\/a> et <a href=\"https:\/\/www.pointdevue.fr\/grand-angle\/biographies\/prince-harry\" target=\"_blank\" rel=\"noopener\">Harry<\/a>. La raison ? Selon plusieurs r\u00e9cits de l\u2019\u00e9poque, Jacques Chirac a \u00e9t\u00e9 injoignable dans les heures suivant l\u2019accident survenu sous le pont de l&rsquo;Alma. Ses conseillers ne l\u2019avaient en effet pas trouv\u00e9 au palais de l\u2019Elys\u00e9e. Une rumeur courait alors dans Paris\u00a0que le pr\u00e9sident \u00e9tait en galante compagnie cette nuit-l\u00e0&#8230;<\/p>\n<p><img decoding=\"async\" src=\"https:\/\/www.europesays.com\/fr\/wp-content\/uploads\/2025\/12\/ABACA_80740_02ilui1LiuB3.jpg\" alt=\"Jacques Chirac Elisabeth II et Tony Blair en Ecosse le 6 juin 2005.\"\/><strong>Jacques Chirac Elisabeth II et Tony Blair en Ecosse le 6 juin 2005.<\/strong> \u00a9 Wigglesworth Kirsty\/PA Photos\/ABACA<\/p>\n<p>Quoi qu\u2019il en soit, l\u2019absence de la publication des \u00e9changes entre ce dernier et le Premier ministre britannique ne risque pas d\u2019arr\u00eater les sp\u00e9culations sur la localisation de Jacques Chirac cette fameuse nuit du 31 aout 1997.<\/p>\n<p><img decoding=\"async\" src=\"https:\/\/www.europesays.com\/fr\/wp-content\/uploads\/2025\/12\/ABACA_60950_10AXmruBcvU8.jpg\" alt=\"Tony Blair, Bernadette Chirac, Ch\u00e9rie Blair et Jacques Chirac, \u00e0 Caen, le 6 juin 2004.\"\/><strong>Tony Blair, Bernadette Chirac, Ch\u00e9rie Blair et Jacques Chirac, \u00e0 Caen, le 6 juin 2004.<\/strong> \u00a9 ABACA<\/p>\n<p>Lire aussi &gt;&gt; <a target=\"_blank\" href=\"https:\/\/www.pointdevue.fr\/royal\/royaume-uni\/la-princesse-diana-dans-panorama-quelles-ont-ete-les-immediates-consequences\" rel=\"noopener\">La princesse Diana dans Panorama : quelles ont \u00e9t\u00e9 les imm\u00e9diates cons\u00e9quences ?<\/a><\/p>\n","protected":false},"excerpt":{"rendered":"Tous les vingt ans, les services du 10 Downing Street, r\u00e9sidence du Premier ministre britannique, transmettent leurs dossiers&hellip;\n","protected":false},"author":2,"featured_media":629984,"comment_status":"","ping_status":"","sticky":false,"template":"","format":"standard","meta":{"footnotes":""},"categories":[1588],"tags":[11,1777,674,12,473,1853,1851,1850,1852],"class_list":{"0":"post-629983","1":"post","2":"type-post","3":"status-publish","4":"format-standard","5":"has-post-thumbnail","7":"category-royaume-uni","8":"tag-actualites","9":"tag-eu","10":"tag-europe","11":"tag-news","12":"tag-royaume-uni","13":"tag-royaume-uni-de-grande-bretagne-et-dirlande-du-nord","14":"tag-uk","15":"tag-united-kingdom","16":"tag-united-kingdom-of-great-britain-and-northern-ireland"},"share_on_mastodon":{"url":"https:\/\/pubeurope.com\/@fr\/115808891411751473","error":""},"_links":{"self":[{"href":"https:\/\/www.europesays.com\/fr\/wp-json\/wp\/v2\/posts\/629983","targetHints":{"allow":["GET"]}}],"collection":[{"href":"https:\/\/www.europesays.com\/fr\/wp-json\/wp\/v2\/posts"}],"about":[{"href":"https:\/\/www.europesays.com\/fr\/wp-json\/wp\/v2\/types\/post"}],"author":[{"embeddable":true,"href":"https:\/\/www.europesays.com\/fr\/wp-json\/wp\/v2\/users\/2"}],"replies":[{"embeddable":true,"href":"https:\/\/www.europesays.com\/fr\/wp-json\/wp\/v2\/comments?post=629983"}],"version-history":[{"count":0,"href":"https:\/\/www.europesays.com\/fr\/wp-json\/wp\/v2\/posts\/629983\/revisions"}],"wp:featuredmedia":[{"embeddable":true,"href":"https:\/\/www.europesays.com\/fr\/wp-json\/wp\/v2\/media\/629984"}],"wp:attachment":[{"href":"https:\/\/www.europesays.com\/fr\/wp-json\/wp\/v2\/media?parent=629983"}],"wp:term":[{"taxonomy":"category","embeddable":true,"href":"https:\/\/www.europesays.com\/fr\/wp-json\/wp\/v2\/categories?post=629983"},{"taxonomy":"post_tag","embeddable":true,"href":"https:\/\/www.europesays.com\/fr\/wp-json\/wp\/v2\/tags?post=629983"}],"curies":[{"name":"wp","href":"https:\/\/api.w.org\/{rel}","templated":true}]}}