{"id":629998,"date":"2025-12-30T14:12:17","date_gmt":"2025-12-30T14:12:17","guid":{"rendered":"https:\/\/www.europesays.com\/fr\/629998\/"},"modified":"2025-12-30T14:12:17","modified_gmt":"2025-12-30T14:12:17","slug":"dole-vous-avez-lesprit-mal-tourne-une-renovation-au-tennis-club-dolois-interroge-lopposition","status":"publish","type":"post","link":"https:\/\/www.europesays.com\/fr\/629998\/","title":{"rendered":"Dole. \u00ab\u00a0Vous avez l\u2019esprit mal tourn\u00e9\u00a0\u00bb:\u00a0une r\u00e9novation au Tennis club dolois interroge l\u2019opposition"},"content":{"rendered":"<p>Construit il y a quarante ans, le club-house du Tennis club dolois, pr\u00e9sente des signes de v\u00e9tust\u00e9. Isolation inexistante, aucune accessibilit\u00e9 pour les personnes \u00e0 mobilit\u00e9 r\u00e9duite\u00a0: le b\u00e2timent ne r\u00e9pond plus aux normes ni aux standards actuels. Un \u00e9tat des lieux rappel\u00e9 lors du dernier conseil municipal.<\/p>\n<p>Les \u00e9lus ont ainsi approuv\u00e9 sa <a href=\"https:\/\/www.leprogres.fr\/societe\/2025\/10\/16\/les-travaux-du-club-house-du-tennis-club-vont-debuter\" target=\"_blank\" rel=\"noopener\">r\u00e9novation<\/a> \u00e9nerg\u00e9tique et fonctionnelle, ainsi que sa mise en conformit\u00e9. Le co\u00fbt pr\u00e9visionnel est estim\u00e9 \u00e0 332\u00a0700\u00a0euros hors taxes. L\u2019\u00c9tat mettra la main \u00e0 la poche \u00e0 hauteur de 30\u00a0%, le Conseil d\u00e9partemental du Jura \u00e0 20\u00a0%, tandis que la Ville autofinancera la moiti\u00e9 restante. Le club de tennis, lui, prendra en charge les \u00e9quipements de cuisine et le mobilier int\u00e9rieur, pour un montant de 40\u00a0000\u00a0euros.<\/p>\n<p>  \u00ab\u00a0Prenez une licence\u00a0\u00bb<\/p>\n<p>Le vote n\u2019a pas \u00e9chapp\u00e9 aux piques politiques. <a href=\"https:\/\/www.leprogres.fr\/politique\/2023\/11\/07\/guillaume-bouteloup-incarne-le-nouveau-visage-de-la-gauche\" target=\"_blank\" rel=\"noopener\">Guillaume Bouteloup<\/a> , conseiller municipal d\u2019opposition (Ensemble Dole), s\u2019est interrog\u00e9 sur le calendrier\u00a0: \u00ab\u00a0Je note que la r\u00e9novation intervient pendant une ann\u00e9e d\u2019\u00e9lections, dans un club qui compte de nombreux licenci\u00e9s.\u00a0\u00bb Une remarque balay\u00e9e d\u2019un revers de main par le maire, <a href=\"https:\/\/www.leprogres.fr\/elections\/2025\/04\/25\/jean-baptiste-gagnoux-maire-en-2026-il-y-a-plus-de-chances-que-j-y-retourne-que-l-inverse\" target=\"_blank\" rel=\"noopener\">Jean-Baptiste Gagnoux<\/a> \u00a0: \u00ab\u00a0Oh\u00a0! Vous avez l\u2019esprit mal tourn\u00e9. Prenez une licence de tennis\u00a0; je ne doute pas que tout le monde vous conna\u00eetra au club.\u00a0\u00bb La majorit\u00e9 a ensuite rappel\u00e9 que la restructuration, jug\u00e9e n\u00e9cessaire, a \u00e9t\u00e9 d\u00e9cid\u00e9e il y a plusieurs ann\u00e9es, bien avant que le calendrier \u00e9lectoral ne vienne s\u2019inviter sur les courts de tennis.<\/p>\n","protected":false},"excerpt":{"rendered":"Construit il y a quarante ans, le club-house du Tennis club dolois, pr\u00e9sente des signes de v\u00e9tust\u00e9. Isolation&hellip;\n","protected":false},"author":2,"featured_media":629999,"comment_status":"","ping_status":"","sticky":false,"template":"","format":"standard","meta":{"footnotes":""},"categories":[1415],"tags":[1984,42096,42097,14809,1011,27,316,517,60,1467],"class_list":{"0":"post-629998","1":"post","2":"type-post","3":"status-publish","4":"format-standard","5":"has-post-thumbnail","7":"category-tennis","8":"tag-conseil-municipal","9":"tag-dole","10":"tag-dole-ville","11":"tag-edition-jura-nord","12":"tag-fr","13":"tag-france","14":"tag-politique","15":"tag-sport","16":"tag-sports","17":"tag-tennis"},"share_on_mastodon":{"url":"https:\/\/pubeurope.com\/@fr\/115808930503454249","error":""},"_links":{"self":[{"href":"https:\/\/www.europesays.com\/fr\/wp-json\/wp\/v2\/posts\/629998","targetHints":{"allow":["GET"]}}],"collection":[{"href":"https:\/\/www.europesays.com\/fr\/wp-json\/wp\/v2\/posts"}],"about":[{"href":"https:\/\/www.europesays.com\/fr\/wp-json\/wp\/v2\/types\/post"}],"author":[{"embeddable":true,"href":"https:\/\/www.europesays.com\/fr\/wp-json\/wp\/v2\/users\/2"}],"replies":[{"embeddable":true,"href":"https:\/\/www.europesays.com\/fr\/wp-json\/wp\/v2\/comments?post=629998"}],"version-history":[{"count":0,"href":"https:\/\/www.europesays.com\/fr\/wp-json\/wp\/v2\/posts\/629998\/revisions"}],"wp:featuredmedia":[{"embeddable":true,"href":"https:\/\/www.europesays.com\/fr\/wp-json\/wp\/v2\/media\/629999"}],"wp:attachment":[{"href":"https:\/\/www.europesays.com\/fr\/wp-json\/wp\/v2\/media?parent=629998"}],"wp:term":[{"taxonomy":"category","embeddable":true,"href":"https:\/\/www.europesays.com\/fr\/wp-json\/wp\/v2\/categories?post=629998"},{"taxonomy":"post_tag","embeddable":true,"href":"https:\/\/www.europesays.com\/fr\/wp-json\/wp\/v2\/tags?post=629998"}],"curies":[{"name":"wp","href":"https:\/\/api.w.org\/{rel}","templated":true}]}}