{"id":630000,"date":"2025-12-30T14:16:33","date_gmt":"2025-12-30T14:16:33","guid":{"rendered":"https:\/\/www.europesays.com\/fr\/630000\/"},"modified":"2025-12-30T14:16:33","modified_gmt":"2025-12-30T14:16:33","slug":"une-nouvelle-mission-pour-philippe-dalibard-actualite","status":"publish","type":"post","link":"https:\/\/www.europesays.com\/fr\/630000\/","title":{"rendered":"Une nouvelle mission pour Philippe Dalibard &#8211; Actualit\u00e9"},"content":{"rendered":"<p dir=\"ltr\">Philippe Dalibard est le nouveau manager de la N1 de Mayenne-Monbana-Rapido. \u201cDepuis deux ans, j\u2019\u00e9tais d\u00e9j\u00e0 investi au sein du club de Laval. Disons que je supervisais cela de loin, je donnais un coup de main, je d\u00e9pannais parfois comme directeur sportif. J\u2019ai failli arr\u00eater, je me disais que pour r\u00e9ussir dans ce genre de mission, je me devais d\u2019\u00eatre au c\u0153ur de la m\u00eal\u00e9e. C\u2019est ce qui va d\u00e9sormais se passer\u201d, a-t-il confi\u00e9 au quotidien <strong><a href=\"https:\/\/www.letelegramme.fr\/sports\/cyclisme\/je-vais-etre-au-coeur-de-la-melee-lancien-directeur-sportif-de-bretagne-schuller-philippe-dalibard-manager-general-dune-des-meilleures-n1-francaises-raconte-6955456.php\" target=\"_blank\" rel=\"noopener\">Le T\u00e9l\u00e9gramme<\/a><\/strong>.<\/p>\n<p dir=\"ltr\">Philippe Dalibard, 68 ans, a \u00e9t\u00e9 l&rsquo;un des meilleurs cyclistes du peloton amateur fran\u00e7ais dans les ann\u00e9es 70 et 80. Champion de France Amateur en 1981, il a \u00e9t\u00e9 professionnel les deux ann\u00e9es suivantes chez Peugeot-Shell-Michelin, avant de redescendre \u00e0 l\u2019\u00e9tage inf\u00e9rieur.\u00a0<\/p>\n<p>Le Mayennais a ensuite \u00e9t\u00e9 directeur sportif du CC Louison Bobet puis de l\u2019\u00e9quipe Bernard Sport devenue Jean Floc&rsquo;h, puis Bretagne-Jean Floc&rsquo;h lors du passage chez les professionnels en 2005. Il avait \u00e9t\u00e9 \u00e9cart\u00e9 de la structure bretonne fin 2009 au profit d\u2019Emmanuel Hubert.\u00a0<\/p>\n<p>L\u2019\u00e9quipe Mayenne-Monbana-Rapido poss\u00e8de un effectif de <strong><a href=\"https:\/\/www.directvelo.com\/equipe\/279\/mayenne-monbana-rapido\" target=\"_blank\" rel=\"noopener\">quinze coureurs<\/a><\/strong> pour la saison 2026. La direction sportive restera assur\u00e9e par Julien Selvestrel et Axel Clot-Courant.\u00a0<\/p>\n","protected":false},"excerpt":{"rendered":"Philippe Dalibard est le nouveau manager de la N1 de Mayenne-Monbana-Rapido. \u201cDepuis deux ans, j\u2019\u00e9tais d\u00e9j\u00e0 investi au&hellip;\n","protected":false},"author":2,"featured_media":630001,"comment_status":"","ping_status":"","sticky":false,"template":"","format":"standard","meta":{"footnotes":""},"categories":[1411],"tags":[834,828,836,829,837,827,83,826,824,823,1154,207,814,817,815,816,822,821,832,211,839,1011,27,820,818,819,835,831,830,833,838,60,212,208,825],"class_list":{"0":"post-630000","1":"post","2":"type-post","3":"status-publish","4":"format-standard","5":"has-post-thumbnail","7":"category-cyclisme","8":"tag-attaque","9":"tag-belgique","10":"tag-braquet","11":"tag-bretagne","12":"tag-chute","13":"tag-competition","14":"tag-coupe-de-france","15":"tag-coureur","16":"tag-course-cyclisme","17":"tag-course-cycliste","18":"tag-cycling","19":"tag-cyclisme","20":"tag-direct","21":"tag-direct-velo","22":"tag-directvelo","23":"tag-directvelo-com","24":"tag-epreuve","25":"tag-epreuve-cycliste","26":"tag-federation-francaise-de-cyclisme","27":"tag-ffc","28":"tag-flandres","29":"tag-fr","30":"tag-france","31":"tag-live","32":"tag-live-course","33":"tag-live-epreuve","34":"tag-peloton","35":"tag-radio-peloton","36":"tag-radio-tour","37":"tag-ravitaillement","38":"tag-relance","39":"tag-sports","40":"tag-uci","41":"tag-velo","42":"tag-velos"},"share_on_mastodon":{"url":"https:\/\/pubeurope.com\/@fr\/115808946434465323","error":""},"_links":{"self":[{"href":"https:\/\/www.europesays.com\/fr\/wp-json\/wp\/v2\/posts\/630000","targetHints":{"allow":["GET"]}}],"collection":[{"href":"https:\/\/www.europesays.com\/fr\/wp-json\/wp\/v2\/posts"}],"about":[{"href":"https:\/\/www.europesays.com\/fr\/wp-json\/wp\/v2\/types\/post"}],"author":[{"embeddable":true,"href":"https:\/\/www.europesays.com\/fr\/wp-json\/wp\/v2\/users\/2"}],"replies":[{"embeddable":true,"href":"https:\/\/www.europesays.com\/fr\/wp-json\/wp\/v2\/comments?post=630000"}],"version-history":[{"count":0,"href":"https:\/\/www.europesays.com\/fr\/wp-json\/wp\/v2\/posts\/630000\/revisions"}],"wp:featuredmedia":[{"embeddable":true,"href":"https:\/\/www.europesays.com\/fr\/wp-json\/wp\/v2\/media\/630001"}],"wp:attachment":[{"href":"https:\/\/www.europesays.com\/fr\/wp-json\/wp\/v2\/media?parent=630000"}],"wp:term":[{"taxonomy":"category","embeddable":true,"href":"https:\/\/www.europesays.com\/fr\/wp-json\/wp\/v2\/categories?post=630000"},{"taxonomy":"post_tag","embeddable":true,"href":"https:\/\/www.europesays.com\/fr\/wp-json\/wp\/v2\/tags?post=630000"}],"curies":[{"name":"wp","href":"https:\/\/api.w.org\/{rel}","templated":true}]}}