{"id":630006,"date":"2025-12-30T14:19:12","date_gmt":"2025-12-30T14:19:12","guid":{"rendered":"https:\/\/www.europesays.com\/fr\/630006\/"},"modified":"2025-12-30T14:19:12","modified_gmt":"2025-12-30T14:19:12","slug":"le-cote-aventure-familiale-plait-aux-visiteurs-a-quimper-aux-tetes-de-lart-la-creation-photo-est-une-affaire-de-famille","status":"publish","type":"post","link":"https:\/\/www.europesays.com\/fr\/630006\/","title":{"rendered":"\u00ab\u00a0Le c\u00f4t\u00e9 aventure familiale pla\u00eet aux visiteurs\u00a0\u00bb\u00a0: \u00e0 Quimper, aux T\u00eates de l\u2019Art, la cr\u00e9ation photo est une affaire de famille"},"content":{"rendered":"<p>Dans la vitrine, au milieu des photos de beaux paysages finist\u00e9riens, un petit \u00e9criteau vient souligner un d\u00e9tail d\u2019importance\u00a0: \u00ab\u00a0Les T\u00eates de l\u2019Art sont cinq cr\u00e9ateurs photos bretons de la m\u00eame famille\u00a0\u00bb. Cr\u00e9\u00e9e il y a dix ans, 13 rue Elie-Fr\u00e9ron \u00e0 Quimper, la boutique affiche l\u2019aventure familiale comme une sorte de plus-value \u00e0 leur activit\u00e9 de photographes. \u00ab\u00a0On a commenc\u00e9 par montrer nos photos lors d\u2019expos \u00e9ph\u00e9m\u00e8res, l\u2019\u00e9t\u00e9 en bord de mer\u00a0\u00bb, raconte Laurent. Katy, sa belle-s\u0153ur, poursuit\u00a0: \u00ab\u00a0Et puis on a trouv\u00e9 ce lieu, o\u00f9 on a commenc\u00e9 \u00e0 exposer trois mois, puis six, et finalement on s\u2019y est fix\u00e9s, et on n\u2019aurait pas imagin\u00e9 qu\u2019on y serait encore dix ans apr\u00e8s\u00a0!\u00a0\u00bb<\/p>\n<p>\u00ab\u00a0Une fiert\u00e9 de travailler en famille\u00a0\u00bb<\/p>\n<p>Aujourd\u2019hui, Laurent g\u00e8re la boutique avec sa belle-fille, Manon. Il alimente la collection avec ses photos de paysages nocturnes, elle \u0153uvre \u00e0 l\u2019encadrement des images, chacun travaillant sous le statut d\u2019auto-entrepreneur. Sabine, la compagne de Laurent et m\u00e8re de Manon, participe b\u00e9n\u00e9volement \u00e0 la vie de la boutique en proposant des photos au style tr\u00e8s graphique, tourn\u00e9es vers la mati\u00e8re, les textures, et les compositions abstraites. Comme elle, sa s\u0153ur jumelle Katy, a suivi des \u00e9tudes artistiques. Parall\u00e8lement \u00e0 son m\u00e9tier de graphiste, elle collabore avec les T\u00eates de l\u2019art en proposant ses clich\u00e9s de petits objets \u00ab\u00a0d\u00e9clencheurs \u00e0 souvenirs\u00a0\u00bb.<\/p>\n<p>Son fils Enzo a rejoint l\u2019aventure familiale, il commence sa carri\u00e8re de photographe. Ses clich\u00e9s compl\u00e8tent la collection propos\u00e9e en boutique. \u00ab\u00a0Pour moi c\u2019est une fiert\u00e9 de dire qu\u2019on travaille en famille\u00a0\u00bb, indique Laurent, sourire aux l\u00e8vres. Pour Manon, \u00ab\u00a0en famille il n\u2019y a pas de questions de susceptibilit\u00e9s, pas de jalousie, au contraire, les uns poussent les autres, en tout cas c\u2019est comme \u00e7a chez nous\u00a0!\u00a0\u00bb Elle marque un temps et ajoute\u00a0: \u00ab\u00a0On a aussi la chance de ne pas \u00eatre \u00e9parpill\u00e9s, et de tous \u00eatre passionn\u00e9s de photo\u00a0\u00bb<\/p>\n<p>\u00ab\u00a0Le c\u00f4t\u00e9 aventure familiale pla\u00eet aux clients\u00a0\u00bb<\/p>\n<p>L\u2019argument d\u2019aventure familiale est une sorte d\u2019estampille qui semble transmettre une image, comme un esprit de confiance, aupr\u00e8s de la client\u00e8le. \u00ab\u00a0Pouvoir mettre en avant que c\u2019est une boutique familiale, c\u2019est souligner que nous ne sommes pas une marque, ni un concept store, c\u2019est plus chaleureux. Oui, le c\u00f4t\u00e9 aventure familiale pla\u00eet aux visiteurs\u00a0\u00bb remarque Sabine. Katy, sa s\u0153ur, abonde\u00a0: \u00ab\u00a0Quand je dis aux gens qu\u2019on est cinq cr\u00e9ateurs photos, tous de la m\u00eame famille, on a l\u2019impression que les masques tombent et souvent le sourire n\u2019est pas loin\u00a0!\u00a0\u00bb<\/p>\n<p>Travailler en famille, pour Laurent, c\u2019est une satisfaction, certes, mais aussi comme un clin d\u2019\u0153il adress\u00e9 aux clients\u00a0: \u00ab\u00a0C\u2019est vrai que mettre en avant que nous sommes tous de la m\u00eame famille, \u00e7a fait partie d\u2019une sorte de storytelling. Comme un gage de confiance\u00a0\u00bb<\/p>\n<p>\u00ab\u00a0On d\u00e9teste rester f\u00e2ch\u00e9s\u00a0\u00bb<\/p>\n<p>Alors quand on demande \u00e0 Manon si elle souhaite \u00e0 tout le monde de travailler, comme elle, en famille, sa r\u00e9ponse d\u00e9passe le champ professionnel\u00a0: \u00ab\u00a0Au-del\u00e0 du fait de travailler ensemble, on souhaite aux autres d\u2019\u00eatre dans une famille comme la n\u00f4tre, dans laquelle on donne la place au respect, \u00e0 la bienveillance, o\u00f9 l\u2019on d\u00e9teste rester f\u00e2ch\u00e9, et o\u00f9 l\u2019on ne rumine pas dans son coin\u2026\u00a0\u00bb Pas de t\u00eates de lard chez les t\u00eates de l\u2019Art\u00a0? Il est peut-\u00eatre l\u00e0, leur secret, pour continuer \u00e0 s\u2019\u00e9panouir en travaillant en famille\u00a0!<\/p>\n","protected":false},"excerpt":{"rendered":"Dans la vitrine, au milieu des photos de beaux paysages finist\u00e9riens, un petit \u00e9criteau vient souligner un d\u00e9tail&hellip;\n","protected":false},"author":2,"featured_media":630007,"comment_status":"","ping_status":"","sticky":false,"template":"","format":"standard","meta":{"footnotes":""},"categories":[1358],"tags":[1348,1384,1385,1386,58,59,1011,27,1756,3319],"class_list":{"0":"post-630006","1":"post","2":"type-post","3":"status-publish","4":"format-standard","5":"has-post-thumbnail","7":"category-arts-et-design","8":"tag-arts","9":"tag-arts-and-design","10":"tag-arts-et-design","11":"tag-design","12":"tag-divertissement","13":"tag-entertainment","14":"tag-fr","15":"tag-france","16":"tag-photographie","17":"tag-quimper"},"share_on_mastodon":{"url":"https:\/\/pubeurope.com\/@fr\/115808958091960171","error":""},"_links":{"self":[{"href":"https:\/\/www.europesays.com\/fr\/wp-json\/wp\/v2\/posts\/630006","targetHints":{"allow":["GET"]}}],"collection":[{"href":"https:\/\/www.europesays.com\/fr\/wp-json\/wp\/v2\/posts"}],"about":[{"href":"https:\/\/www.europesays.com\/fr\/wp-json\/wp\/v2\/types\/post"}],"author":[{"embeddable":true,"href":"https:\/\/www.europesays.com\/fr\/wp-json\/wp\/v2\/users\/2"}],"replies":[{"embeddable":true,"href":"https:\/\/www.europesays.com\/fr\/wp-json\/wp\/v2\/comments?post=630006"}],"version-history":[{"count":0,"href":"https:\/\/www.europesays.com\/fr\/wp-json\/wp\/v2\/posts\/630006\/revisions"}],"wp:featuredmedia":[{"embeddable":true,"href":"https:\/\/www.europesays.com\/fr\/wp-json\/wp\/v2\/media\/630007"}],"wp:attachment":[{"href":"https:\/\/www.europesays.com\/fr\/wp-json\/wp\/v2\/media?parent=630006"}],"wp:term":[{"taxonomy":"category","embeddable":true,"href":"https:\/\/www.europesays.com\/fr\/wp-json\/wp\/v2\/categories?post=630006"},{"taxonomy":"post_tag","embeddable":true,"href":"https:\/\/www.europesays.com\/fr\/wp-json\/wp\/v2\/tags?post=630006"}],"curies":[{"name":"wp","href":"https:\/\/api.w.org\/{rel}","templated":true}]}}