{"id":630014,"date":"2025-12-30T14:24:13","date_gmt":"2025-12-30T14:24:13","guid":{"rendered":"https:\/\/www.europesays.com\/fr\/630014\/"},"modified":"2025-12-30T14:24:13","modified_gmt":"2025-12-30T14:24:13","slug":"une-avancee-majeure-la-creation-dun-registre-national-est-enfin-lancee","status":"publish","type":"post","link":"https:\/\/www.europesays.com\/fr\/630014\/","title":{"rendered":"\u00ab\u00a0Une avanc\u00e9e majeure\u00a0\u00bb\u2026 La cr\u00e9ation d\u2019un registre national est enfin lanc\u00e9e"},"content":{"rendered":"<p> \u00abUne avanc\u00e9e majeure\u00a0\u00bb pour mieux conna\u00eetre l\u2019\u00e9pid\u00e9miologie de la maladie. La cr\u00e9ation d\u2019un <a href=\"https:\/\/www.20minutes.fr\/sante\/4160061-20250624-cancers-quoi-va-servir-registre-national-cree-parlement\" class=\"c-link c-link--is-underlined\" target=\"_blank\" rel=\"noopener\">registre national des cancers<\/a>, six mois apr\u00e8s l\u2019adoption d\u00e9finitive au Parlement sur le sujet, est officiellement lanc\u00e9e, ont rapport\u00e9 lundi le minist\u00e8re de la Sant\u00e9 et l\u2019Institut national du cancer (INCa).<\/p>\n<p>Ce registre, dont les modalit\u00e9s de mise en \u0153uvre ont \u00e9t\u00e9 fix\u00e9es par un d\u00e9cret publi\u00e9 dimanche au <a href=\"https:\/\/www.20minutes.fr\/dossier\/journal_officiel\" class=\"c-link c-link--is-underlined\" target=\"_blank\" rel=\"noopener\">Journal officiel<\/a>, sera pilot\u00e9 par l\u2019INCa. Il vise \u00e0 \u00ab\u00a0recueillir les donn\u00e9es concernant l\u2019ensemble des cas de cancers sur le territoire\u00a0\u00bb, \u00e0 partir de \u00ab\u00a0la collecte et l\u2019appariement, de mani\u00e8re pseudonymis\u00e9e, de donn\u00e9es issues de sources multiples\u00a0\u00bb. Parmi ces sources\u00a0: les registres de <a href=\"https:\/\/www.20minutes.fr\/dossier\/cancer\" class=\"c-link c-link--is-underlined\" target=\"_blank\" rel=\"noopener\">cancers<\/a>, les bases nationales existantes, les donn\u00e9es cliniques et biologiques ou encore les donn\u00e9es de soins et de <a href=\"https:\/\/www.20minutes.fr\/sante\/depistage\/\" class=\"c-link c-link--is-underlined\" target=\"_blank\" rel=\"noopener\">d\u00e9pistage<\/a>.<\/p>\n<\/p>\n<p>D\u00e9but juin, l\u2019ex-ministre de la Sant\u00e9 et d\u00e9put\u00e9 <a href=\"https:\/\/www.20minutes.fr\/politique\/aurelien-rousseau\/\" class=\"c-link c-link--is-underlined\" target=\"_blank\" rel=\"noopener\">Aur\u00e9lien Rousseau <\/a>(apparent\u00e9 PS), r\u00e9v\u00e9lant dans l\u2019h\u00e9micycle <a href=\"https:\/\/www.20minutes.fr\/politique\/assemblee_nationale\/4156878-20250604-cancer-ancien-ministre-sante-aurelien-rousseau-annonce-maladie-hemicycle\" class=\"c-link c-link--is-underlined\" target=\"_blank\" rel=\"noopener\">\u00eatre atteint d\u2019un cancer,<\/a> avait demand\u00e9 au gouvernement de mener \u00e0 terme ce registre.<\/p>\n<p>\u00ab\u00a0Objectiver les r\u00e9alit\u00e9s\u00a0\u00bb<\/p>\n<p>Sa mise en place va permettre de \u00ab\u00a0produire et de diffuser des indicateurs fiables d\u2019incidence et de mortalit\u00e9, avec des analyses aux niveaux national, r\u00e9gional et infrar\u00e9gional, et de renforcer les outils de surveillance de l\u2019\u00e9tat de sant\u00e9 des populations\u00a0\u00bb, selon le communiqu\u00e9 du minist\u00e8re de la Sant\u00e9 et de l\u2019INCa.<\/p>\n<p>\u00ab\u00a0Disposer de ces donn\u00e9es, c\u2019est se donner les moyens de mieux objectiver les r\u00e9alit\u00e9s, de mesurer les in\u00e9galit\u00e9s sociales et territoriales, d\u2019\u00e9valuer l\u2019impact des actions de <a href=\"https:\/\/www.20minutes.fr\/dossier\/prevention\" class=\"c-link c-link--is-underlined\" target=\"_blank\" rel=\"noopener\">pr\u00e9vention<\/a> et de d\u00e9pistage, et d\u2019orienter la recherche et les politiques publiques\u00a0\u00bb, ont notamment salu\u00e9 le pr\u00e9sident de l\u2019Institut national du cancer, le Dr Norbert Ifrah, et le directeur g\u00e9n\u00e9ral, Nicolas Scott\u00e9, cit\u00e9s dans le communiqu\u00e9.<\/p>\n<p>Le d\u00e9ploiement du registre, \u00ab\u00a0une action majeure de la strat\u00e9gie d\u00e9cennale de lutte contre les cancers 2021-2030\u00a0\u00bb, sera \u00ab\u00a0progressif\u00a0\u00bb, en lien avec les diff\u00e9rents acteurs concern\u00e9s de la sant\u00e9 comme du num\u00e9rique, selon le minist\u00e8re et l\u2019INCa.<\/p>\n<p>Manque de donn\u00e9es<\/p>\n<p>Actuellement, une trentaine de registres g\u00e9n\u00e9raux non sp\u00e9cialis\u00e9s couvrent moins d\u2019un quart de la population, \u00ab\u00a0si bien que les donn\u00e9es disponibles reposent sur des extrapolations, dont la fiabilit\u00e9 est sujette \u00e0 caution\u00a0\u00bb, selon le Pr Fran\u00e7ois Guilhot, membre de l\u2019Acad\u00e9mie de m\u00e9decine, cit\u00e9 dans un rapport du d\u00e9put\u00e9 macroniste Michel Lauzzana.<\/p>\n<p>\u00ab\u00a0Il manque des donn\u00e9es sur la population la plus socialement vuln\u00e9rable et les zones expos\u00e9es \u00e0 des risques environnementaux\u00a0\u00bb, avait pr\u00e9cis\u00e9 en juin le Dr Claire Morgand, directrice de l\u2019observation des sciences des donn\u00e9es et de l\u2019\u00e9valuation \u00e0 l\u2019INCa.<\/p>\n","protected":false},"excerpt":{"rendered":"\u00abUne avanc\u00e9e majeure\u00a0\u00bb pour mieux conna\u00eetre l\u2019\u00e9pid\u00e9miologie de la maladie. La cr\u00e9ation d\u2019un registre national des cancers, six&hellip;\n","protected":false},"author":2,"featured_media":630015,"comment_status":"","ping_status":"","sticky":false,"template":"","format":"standard","meta":{"footnotes":""},"categories":[10],"tags":[47,101,49942,1011,27,72,24146,125,73908,6543,71,5699],"class_list":{"0":"post-630014","1":"post","2":"type-post","3":"status-publish","4":"format-standard","5":"has-post-thumbnail","7":"category-sante","8":"tag-actualite","9":"tag-cancer","10":"tag-chimiotherapie","11":"tag-fr","12":"tag-france","13":"tag-health","14":"tag-journal-officiel","15":"tag-ministere-de-la-sante","16":"tag-plan-cancer","17":"tag-prevention","18":"tag-sante","19":"tag-sante-publique"},"share_on_mastodon":{"url":"https:\/\/pubeurope.com\/@fr\/115808977813530823","error":""},"_links":{"self":[{"href":"https:\/\/www.europesays.com\/fr\/wp-json\/wp\/v2\/posts\/630014","targetHints":{"allow":["GET"]}}],"collection":[{"href":"https:\/\/www.europesays.com\/fr\/wp-json\/wp\/v2\/posts"}],"about":[{"href":"https:\/\/www.europesays.com\/fr\/wp-json\/wp\/v2\/types\/post"}],"author":[{"embeddable":true,"href":"https:\/\/www.europesays.com\/fr\/wp-json\/wp\/v2\/users\/2"}],"replies":[{"embeddable":true,"href":"https:\/\/www.europesays.com\/fr\/wp-json\/wp\/v2\/comments?post=630014"}],"version-history":[{"count":0,"href":"https:\/\/www.europesays.com\/fr\/wp-json\/wp\/v2\/posts\/630014\/revisions"}],"wp:featuredmedia":[{"embeddable":true,"href":"https:\/\/www.europesays.com\/fr\/wp-json\/wp\/v2\/media\/630015"}],"wp:attachment":[{"href":"https:\/\/www.europesays.com\/fr\/wp-json\/wp\/v2\/media?parent=630014"}],"wp:term":[{"taxonomy":"category","embeddable":true,"href":"https:\/\/www.europesays.com\/fr\/wp-json\/wp\/v2\/categories?post=630014"},{"taxonomy":"post_tag","embeddable":true,"href":"https:\/\/www.europesays.com\/fr\/wp-json\/wp\/v2\/tags?post=630014"}],"curies":[{"name":"wp","href":"https:\/\/api.w.org\/{rel}","templated":true}]}}