{"id":630020,"date":"2025-12-30T14:27:11","date_gmt":"2025-12-30T14:27:11","guid":{"rendered":"https:\/\/www.europesays.com\/fr\/630020\/"},"modified":"2025-12-30T14:27:11","modified_gmt":"2025-12-30T14:27:11","slug":"les-plus-anciennes-peintures-rupestres-connues-au-monde-nont-pas-ete-realisees-par-notre-espece-mais-alors-pas-qui","status":"publish","type":"post","link":"https:\/\/www.europesays.com\/fr\/630020\/","title":{"rendered":"Les plus anciennes peintures rupestres connues au monde n&rsquo;ont pas \u00e9t\u00e9 r\u00e9alis\u00e9es par notre esp\u00e8ce&#8230; Mais alors pas qui ?"},"content":{"rendered":"<p data-start=\"77\" data-end=\"401\"><strong>Pendant longtemps, les N\u00e9andertaliens ont \u00e9t\u00e9 consid\u00e9r\u00e9s comme des cr\u00e9atures primitives et brutales. Pourtant, de r\u00e9centes d\u00e9couvertes montrent qu\u2019ils \u00e9taient capables de cr\u00e9ativit\u00e9 et d\u2019expression symbolique, bien avant l\u2019arriv\u00e9e des Homo sapiens en Europe.<\/strong><\/p>\n<p>Des artistes avant les Homo sapiens ?<\/p>\n<p data-start=\"446\" data-end=\"1462\">Pendant longtemps, les N\u00e9andertaliens ont \u00e9t\u00e9 per\u00e7us comme de simples \u00ab hommes des cavernes \u00bb, des chasseurs rudimentaires incapables de cr\u00e9ativit\u00e9 symbolique. Pourtant, les d\u00e9couvertes arch\u00e9ologiques r\u00e9centes bouleversent cette image. Des grottes en France et en Espagne, comme La Pasiega, Maltravieso, Ardales, Roche Cotard et Bruniquel, ont r\u00e9v\u00e9l\u00e9 des traces indiscutables de leur activit\u00e9 artistique.<\/p>\n<p data-start=\"446\" data-end=\"1462\">Les fouilles montrent des pochoirs de mains, des motifs g\u00e9om\u00e9triques et des lignes trac\u00e9es avec soin, r\u00e9alis\u00e9es \u00e0 l\u2019aide de pigments naturels ou directement sur des surfaces argileuses. Certaines installations, comme le mur ovale en stalactites \u00e0 Bruniquel, \u00e9voquent m\u00eame une organisation proche d\u2019une installation artistique, avec une intention manifeste d\u2019agencer l\u2019espace.<\/p>\n<p data-start=\"446\" data-end=\"1462\">Ces \u0153uvres t\u00e9moignent d\u2019une capacit\u00e9 cognitive et d\u2019une cr\u00e9ativit\u00e9 que l\u2019on croyait r\u00e9serv\u00e9es aux premiers Homo sapiens, montrant que nos cousins disparus partageaient d\u00e9j\u00e0 certaines bases de la pens\u00e9e symbolique et du sens esth\u00e9tique.<\/p>\n<p><img loading=\"lazy\" data-lazyloaded=\"1\" decoding=\"async\" class=\"size-full wp-image-319074\" src=\"https:\/\/www.europesays.com\/fr\/wp-content\/uploads\/2025\/12\/A-hand-stencil-in-Maltravieso-cave-Spain-is-the-oldest-dated-cave-painting.jpg\" alt=\"peinture n\u00e9andertaliens\" width=\"1200\" height=\"675\"  data-\/>Cr\u00e9dit : Hoffman et al., Science , 2018Une empreinte de main d\u00e9couverte dans la grotte de Maltravieso, en Espagne, est dat\u00e9e d\u2019au moins 66 700 ans.Datation et preuves scientifiques<\/p>\n<p data-start=\"1503\" data-end=\"2455\">La question centrale reste : comment savoir avec certitude que ces \u0153uvres sont bien l\u2019\u0153uvre de N\u00e9andertaliens et non de sapiens ? La r\u00e9ponse repose sur des techniques de datation sophistiqu\u00e9es. La datation au <a href=\"https:\/\/sciencepost.fr\/fonctionnement-datation-au-carbone-14\/\" target=\"_blank\" rel=\"noopener\">carbone 14<\/a> fonctionne pour les pigments organiques, mais beaucoup de peintures noires \u00e9taient min\u00e9rales et donc impossibles \u00e0 dater de cette fa\u00e7on. Les chercheurs ont alors recours \u00e0 la datation uranium-thorium des coul\u00e9es de calcite form\u00e9es sur ou sous les peintures.<\/p>\n<p data-start=\"1503\" data-end=\"2455\">En Espagne, ces analyses ont montr\u00e9 que des pochoirs et lavis de couleur sont \u00e2g\u00e9s de <a href=\"https:\/\/theconversation.com\/neanderthals-the-oldest-art-in-the-world-wasnt-made-by-homo-sapiens-194113\" target=\"_blank\" rel=\"noopener\">plus de 64 000 ans<\/a>, bien avant l\u2019arriv\u00e9e des Homo sapiens en Ib\u00e9rie. De m\u00eame, les marques de Roche Cotard ont \u00e9t\u00e9 scell\u00e9es il y a environ 54 000 ans, confirmant l\u2019authenticit\u00e9 n\u00e9andertalienne. Ces m\u00e9thodes scientifiques permettent d\u2019\u00e9tablir des dates minimales solides, d\u00e9montrant que les N\u00e9andertaliens ont produit de l\u2019art profond\u00e9ment symbolique sans influence humaine moderne.<\/p>\n<p><img loading=\"lazy\" data-lazyloaded=\"1\" decoding=\"async\" class=\"size-full wp-image-319075\" src=\"https:\/\/sciencepost.fr\/wp-content\/uploads\/2025\/11\/file-20230103-24-hj5fp0-642x514-1.avif\" alt=\"peinture n\u00e9andertaliens\" width=\"642\" height=\"514\"  data-\/>Cr\u00e9dit : Hoffman et al., Science , 2018Des pigments rouges se sont incrust\u00e9s dans les concavit\u00e9s d\u2019une stalactite aux couleurs vives dans la grotte d\u2019Ardales, en Espagne \u2013 une peinture datant d\u2019au moins 65 500 ans.Une nouvelle perception des N\u00e9andertaliens<\/p>\n<p data-start=\"2505\" data-end=\"3569\">Ces d\u00e9couvertes modifient profond\u00e9ment notre vision des N\u00e9andertaliens. Loin des caricatures de cr\u00e9atures brutales et limit\u00e9es, ces populations montraient <strong data-start=\"2660\" data-end=\"2777\">des comportements planifi\u00e9s, un sens de l\u2019esth\u00e9tique et la capacit\u00e9 d\u2019interagir avec des environnements complexes<\/strong>.<\/p>\n<p data-start=\"2505\" data-end=\"3569\">L\u2019usage des pigments, l\u2019agencement des espaces et la r\u00e9p\u00e9tition de motifs g\u00e9om\u00e9triques montrent une conscience symbolique et culturelle. M\u00eame si l\u2019art n\u00e9andertalien reste non figuratif \u2013 aucun animal ou humain n\u2019est repr\u00e9sent\u00e9 \u2013, il illustre un engagement dans une forme d\u2019expression abstraite.<\/p>\n<p data-start=\"2505\" data-end=\"3569\">Certaines installations, comme les stalactites de Bruniquel, rappellent que les N\u00e9andertaliens pouvaient organiser des actions collectives pour cr\u00e9er des structures complexes, ce qui sugg\u00e8re un niveau de cognition avanc\u00e9, proche de celui de nos anc\u00eatres directs. Ces \u0153uvres sont donc bien plus que de simples traces : elles t\u00e9moignent d\u2019un monde int\u00e9rieur riche et d\u2019une capacit\u00e9 \u00e0 donner sens \u00e0 l\u2019espace et aux mat\u00e9riaux, ouvrant une nouvelle fen\u00eatre sur l\u2019intelligence de ces cousins disparus.<\/p>\n","protected":false},"excerpt":{"rendered":"Pendant longtemps, les N\u00e9andertaliens ont \u00e9t\u00e9 consid\u00e9r\u00e9s comme des cr\u00e9atures primitives et brutales. Pourtant, de r\u00e9centes d\u00e9couvertes montrent&hellip;\n","protected":false},"author":2,"featured_media":630021,"comment_status":"","ping_status":"","sticky":false,"template":"","format":"standard","meta":{"footnotes":""},"categories":[7],"tags":[1011,27,43,40,41,39,42,44],"class_list":{"0":"post-630020","1":"post","2":"type-post","3":"status-publish","4":"format-standard","5":"has-post-thumbnail","7":"category-sciences-et-technologies","8":"tag-fr","9":"tag-france","10":"tag-science","11":"tag-science-and-technology","12":"tag-sciences","13":"tag-sciences-et-technologies","14":"tag-technologies","15":"tag-technology"},"share_on_mastodon":{"url":"https:\/\/pubeurope.com\/@fr\/115808989676979884","error":""},"_links":{"self":[{"href":"https:\/\/www.europesays.com\/fr\/wp-json\/wp\/v2\/posts\/630020","targetHints":{"allow":["GET"]}}],"collection":[{"href":"https:\/\/www.europesays.com\/fr\/wp-json\/wp\/v2\/posts"}],"about":[{"href":"https:\/\/www.europesays.com\/fr\/wp-json\/wp\/v2\/types\/post"}],"author":[{"embeddable":true,"href":"https:\/\/www.europesays.com\/fr\/wp-json\/wp\/v2\/users\/2"}],"replies":[{"embeddable":true,"href":"https:\/\/www.europesays.com\/fr\/wp-json\/wp\/v2\/comments?post=630020"}],"version-history":[{"count":0,"href":"https:\/\/www.europesays.com\/fr\/wp-json\/wp\/v2\/posts\/630020\/revisions"}],"wp:featuredmedia":[{"embeddable":true,"href":"https:\/\/www.europesays.com\/fr\/wp-json\/wp\/v2\/media\/630021"}],"wp:attachment":[{"href":"https:\/\/www.europesays.com\/fr\/wp-json\/wp\/v2\/media?parent=630020"}],"wp:term":[{"taxonomy":"category","embeddable":true,"href":"https:\/\/www.europesays.com\/fr\/wp-json\/wp\/v2\/categories?post=630020"},{"taxonomy":"post_tag","embeddable":true,"href":"https:\/\/www.europesays.com\/fr\/wp-json\/wp\/v2\/tags?post=630020"}],"curies":[{"name":"wp","href":"https:\/\/api.w.org\/{rel}","templated":true}]}}