{"id":630030,"date":"2025-12-30T14:32:11","date_gmt":"2025-12-30T14:32:11","guid":{"rendered":"https:\/\/www.europesays.com\/fr\/630030\/"},"modified":"2025-12-30T14:32:11","modified_gmt":"2025-12-30T14:32:11","slug":"ces-chantiers-qui-seront-menes-a-roche-la-moliere-en-2026","status":"publish","type":"post","link":"https:\/\/www.europesays.com\/fr\/630030\/","title":{"rendered":"ces chantiers qui seront men\u00e9s \u00e0 Roche-la-Moli\u00e8re en 2026"},"content":{"rendered":"<p>Roche-la-Moli\u00e8re devrait d\u00e9passer 10\u00a0000 habitants rapidement et d\u2019importants travaux continuent \u00e0 \u00eatre men\u00e9s sur plusieurs b\u00e2timents municipaux.<\/p>\n<p>  Grangeneuve livr\u00e9 durant l\u2019\u00e9t\u00e9<\/p>\n<p>Le p\u00f4le sportif de Grangeneuve enti\u00e8rement r\u00e9nov\u00e9 <a href=\"https:\/\/www.leprogres.fr\/politique\/2025\/12\/17\/orientations-budgetaires-pour-2026-le-complexe-de-grangeneuve-devrait-etre-livre-en-ete\" target=\"_blank\" rel=\"noopener\">devrait \u00eatre livr\u00e9 en \u00e9t\u00e9<\/a> apr\u00e8s deux ans de travaux. Des vestiaires, un club-house et un parking sont construits au-dessus du terrain de football utilis\u00e9 par le FCRCSG. \u00c0 peine plus haut, le gymnase &#8211; au profit des gymnastes -, les salles d\u2019\u2019activit\u00e9s et le dojo sont int\u00e9gralement r\u00e9nov\u00e9s. L\u2019op\u00e9ration globale s\u2019\u00e9l\u00e8ve \u00e0 6,8\u00a0millions d\u2019euros TTC dont 5,1\u00a0millions d\u2019euros de travaux.<\/p>\n<p>En centre-ville, apr\u00e8s le ch\u00e2teau, et son lifting \u00e0 2,3\u00a0M\u20ac inaugur\u00e9 \u00e0 l\u2019automne mais dont les am\u00e9nagements doivent \u00eatre termin\u00e9s en 2026, le chantier de la toiture de l\u2019\u00e9glise continue, avec un affaissement de charpente impr\u00e9vu, chiffr\u00e9 \u00e0 30\u00a0000\u00a0euros.<\/p>\n<p>  Au nord de la ville, l\u2019entr\u00e9e et la sortie sur une seule voie<\/p>\n<p>Autre important chantier, plus concernant au quotidien puisque 14\u00a0000 personnes traversent Roche-la-Moli\u00e8re tous les jours dans chaque sens, le passage \u00e0 une seule voie de circulation au nord de la cit\u00e9 est attendu. Des tests seront enfin men\u00e9s par la M\u00e9tropole dans le sens Roche\/Saint-Etienne, devant le cimeti\u00e8re \u00e0 partir de f\u00e9vrier, tandis qu\u2019en entr\u00e9e de ville, les am\u00e9nagements d\u00e9finitifs pourraient intervenir durant l\u2019\u00e9t\u00e9.<\/p>\n","protected":false},"excerpt":{"rendered":"Roche-la-Moli\u00e8re devrait d\u00e9passer 10\u00a0000 habitants rapidement et d\u2019importants travaux continuent \u00e0 \u00eatre men\u00e9s sur plusieurs b\u00e2timents municipaux. Grangeneuve&hellip;\n","protected":false},"author":2,"featured_media":630031,"comment_status":"","ping_status":"","sticky":false,"template":"","format":"standard","meta":{"footnotes":""},"categories":[9653],"tags":[1111,11,2430,7539,1777,674,1011,27,12,316,25,12490,12491,4001,104,2086],"class_list":{"0":"post-630030","1":"post","2":"type-post","3":"status-publish","4":"format-standard","5":"has-post-thumbnail","7":"category-saint-etienne","8":"tag-actu","9":"tag-actualites","10":"tag-auvergne-rhone-alpes","11":"tag-edition-loire-sud","12":"tag-eu","13":"tag-europe","14":"tag-fr","15":"tag-france","16":"tag-news","17":"tag-politique","18":"tag-republique-francaise","19":"tag-roche-la-moliere","20":"tag-roche-la-moliere-bassin","21":"tag-saint-etienne","22":"tag-societe","23":"tag-travaux"},"share_on_mastodon":{"url":"https:\/\/pubeurope.com\/@fr\/115809009217057551","error":""},"_links":{"self":[{"href":"https:\/\/www.europesays.com\/fr\/wp-json\/wp\/v2\/posts\/630030","targetHints":{"allow":["GET"]}}],"collection":[{"href":"https:\/\/www.europesays.com\/fr\/wp-json\/wp\/v2\/posts"}],"about":[{"href":"https:\/\/www.europesays.com\/fr\/wp-json\/wp\/v2\/types\/post"}],"author":[{"embeddable":true,"href":"https:\/\/www.europesays.com\/fr\/wp-json\/wp\/v2\/users\/2"}],"replies":[{"embeddable":true,"href":"https:\/\/www.europesays.com\/fr\/wp-json\/wp\/v2\/comments?post=630030"}],"version-history":[{"count":0,"href":"https:\/\/www.europesays.com\/fr\/wp-json\/wp\/v2\/posts\/630030\/revisions"}],"wp:featuredmedia":[{"embeddable":true,"href":"https:\/\/www.europesays.com\/fr\/wp-json\/wp\/v2\/media\/630031"}],"wp:attachment":[{"href":"https:\/\/www.europesays.com\/fr\/wp-json\/wp\/v2\/media?parent=630030"}],"wp:term":[{"taxonomy":"category","embeddable":true,"href":"https:\/\/www.europesays.com\/fr\/wp-json\/wp\/v2\/categories?post=630030"},{"taxonomy":"post_tag","embeddable":true,"href":"https:\/\/www.europesays.com\/fr\/wp-json\/wp\/v2\/tags?post=630030"}],"curies":[{"name":"wp","href":"https:\/\/api.w.org\/{rel}","templated":true}]}}