{"id":630032,"date":"2025-12-30T14:33:12","date_gmt":"2025-12-30T14:33:12","guid":{"rendered":"https:\/\/www.europesays.com\/fr\/630032\/"},"modified":"2025-12-30T14:33:12","modified_gmt":"2025-12-30T14:33:12","slug":"saint-etienne-un-bus-caillasse-a-montreynaud","status":"publish","type":"post","link":"https:\/\/www.europesays.com\/fr\/630032\/","title":{"rendered":"Saint-Etienne : un bus caillass\u00e9 \u00e0 Montreynaud"},"content":{"rendered":"<p>Ce samedi 27 d\u00e9cembre, dans le quartier de Montreynaud \u00e0 Saint-Etienne, un bus de la STAS a \u00e9t\u00e9 victime d&rsquo;un guet-apens.<\/p>\n<p>Des individus ont volontairement mis des poubelles en travers de la chauss\u00e9e afin de forcer le v\u00e9hicule de la STAS \u00e0 s\u2019arr\u00eater. Pris au pi\u00e8ge, le chauffeur a \u00e9t\u00e9 la cible d\u2019un jet nourri de projectiles. Une vitre du bus a \u00e9t\u00e9 bris\u00e9e dans l\u2019attaque, heureusement sans faire de bless\u00e9s. Le conducteur a n\u00e9anmoins pu reprendre la route, \u00e9chappant \u00e0 l\u2019embuscade. D\u00e8s l\u2019alerte donn\u00e9e, plusieurs patrouilles de police ont investi le quartier pour mener des contr\u00f4les d\u2019identit\u00e9 et des v\u00e9rifications dans les immeubles environnants, tentant d\u2019identifier les auteurs des faits.<\/p>\n<p><strong>Des r\u00e9actions imm\u00e9diates et des renforts de s\u00e9curit\u00e9 sur le r\u00e9seau STAS<\/strong><\/p>\n<p>Face \u00e0 cette agression, <strong>Sylvie Fayolle, pr\u00e9sidente de Saint-\u00c9tienne M\u00e9tropole<\/strong>, a r\u00e9agi par voie de communiqu\u00e9. \u00ab\u00a0Je condamne avec la plus grande fermet\u00e9 l\u2019attaque l\u00e2che dont a \u00e9t\u00e9 victime un de nos chauffeurs de la Stas\u00a0\u00bb, a-t-elle d\u00e9clar\u00e9. Elle a \u00e9galement exprim\u00e9 son soutien aux agents de la r\u00e9gie des transports, assurant \u00eatre pleinement engag\u00e9e pour \u00a0\u00bb renforcer la s\u00e9curit\u00e9 dans les transports m\u00e9tropolitains\u00a0\u00bb. Dans ce m\u00eame communiqu\u00e9, Sylvie Fayolle annonce \u00e9galement : \u00ab\u00a0la nomination, d\u00e8s le d\u00e9but de l\u2019ann\u00e9e, d\u2019un conseiller d\u00e9l\u00e9gu\u00e9 \u00e0 la s\u00e9curit\u00e9 au transport aux c\u00f4t\u00e9s du vice-pr\u00e9sident de la M\u00e9tropole\u00a0\u00bb. De son c\u00f4t\u00e9, <strong>le maire de Saint-Etienne, Jean-Pierre Berger<\/strong>, rappelle que \u00ab\u00a0la ville de Saint-Etienne,\u00a0en collaboration avec la police nationale et la gendarmerie nationale, met en place, dans les prochains jours <a href=\"https:\/\/www.tl7.fr\/actualites-loire\/actualite\/actualite_1\/transports-stephanois-des-reservistes-de-police-et-gendarmerie-a-bord-des-decembre_12535.html\" target=\"_blank\" rel=\"noopener\">des patrouilles de forces de s\u00e9curit\u00e9<\/a>, sur l\u2019ensemble du r\u00e9seau de transports en commun, bus, trolleys, tramways\u00a0\u00bb. Ces patrouilles\u00a0seront charg\u00e9es d\u2019assurer \u00ab\u00a0une plus grande s\u00e9curit\u00e9 et tranquillit\u00e9 publique dans les transports en commun\u00a0\u00bb.<\/p>\n<p>ZF<\/p>\n","protected":false},"excerpt":{"rendered":"Ce samedi 27 d\u00e9cembre, dans le quartier de Montreynaud \u00e0 Saint-Etienne, un bus de la STAS a \u00e9t\u00e9&hellip;\n","protected":false},"author":2,"featured_media":630033,"comment_status":"","ping_status":"","sticky":false,"template":"","format":"standard","meta":{"footnotes":""},"categories":[9653],"tags":[1111,11,2430,1777,674,1011,27,12,25,4001],"class_list":{"0":"post-630032","1":"post","2":"type-post","3":"status-publish","4":"format-standard","5":"has-post-thumbnail","7":"category-saint-etienne","8":"tag-actu","9":"tag-actualites","10":"tag-auvergne-rhone-alpes","11":"tag-eu","12":"tag-europe","13":"tag-fr","14":"tag-france","15":"tag-news","16":"tag-republique-francaise","17":"tag-saint-etienne"},"share_on_mastodon":{"url":"https:\/\/pubeurope.com\/@fr\/115809013088932565","error":""},"_links":{"self":[{"href":"https:\/\/www.europesays.com\/fr\/wp-json\/wp\/v2\/posts\/630032","targetHints":{"allow":["GET"]}}],"collection":[{"href":"https:\/\/www.europesays.com\/fr\/wp-json\/wp\/v2\/posts"}],"about":[{"href":"https:\/\/www.europesays.com\/fr\/wp-json\/wp\/v2\/types\/post"}],"author":[{"embeddable":true,"href":"https:\/\/www.europesays.com\/fr\/wp-json\/wp\/v2\/users\/2"}],"replies":[{"embeddable":true,"href":"https:\/\/www.europesays.com\/fr\/wp-json\/wp\/v2\/comments?post=630032"}],"version-history":[{"count":0,"href":"https:\/\/www.europesays.com\/fr\/wp-json\/wp\/v2\/posts\/630032\/revisions"}],"wp:featuredmedia":[{"embeddable":true,"href":"https:\/\/www.europesays.com\/fr\/wp-json\/wp\/v2\/media\/630033"}],"wp:attachment":[{"href":"https:\/\/www.europesays.com\/fr\/wp-json\/wp\/v2\/media?parent=630032"}],"wp:term":[{"taxonomy":"category","embeddable":true,"href":"https:\/\/www.europesays.com\/fr\/wp-json\/wp\/v2\/categories?post=630032"},{"taxonomy":"post_tag","embeddable":true,"href":"https:\/\/www.europesays.com\/fr\/wp-json\/wp\/v2\/tags?post=630032"}],"curies":[{"name":"wp","href":"https:\/\/api.w.org\/{rel}","templated":true}]}}