{"id":630038,"date":"2025-12-30T14:39:16","date_gmt":"2025-12-30T14:39:16","guid":{"rendered":"https:\/\/www.europesays.com\/fr\/630038\/"},"modified":"2025-12-30T14:39:16","modified_gmt":"2025-12-30T14:39:16","slug":"ladjudant-maguelone-a-la-table-du-president-pour-les-fetes-de-fin-dannee","status":"publish","type":"post","link":"https:\/\/www.europesays.com\/fr\/630038\/","title":{"rendered":"L\u2019adjudant Maguelone \u00e0 la table du Pr\u00e9sident pour les f\u00eates de fin d\u2019ann\u00e9e"},"content":{"rendered":"<p>Militaire dans l\u2019arm\u00e9e de l\u2019air, l\u2019adjudant Maguelone, 39 ans, mari\u00e9e, est actuellement en mission pour quatre mois aux \u00c9mirats arabes unis. Les f\u00eates de fin d\u2019ann\u00e9e sont loin de sa famille,<\/p>\n<p>\u00ab\u00a0Habituellement, je passe les f\u00eates de fin d\u2019ann\u00e9e entour\u00e9e de ma famille, en France. Cette ann\u00e9e est particuli\u00e8re, car je suis loin de mon pays et de mes proches. Malgr\u00e9 la distance et le manque qu\u2019elle implique, je suis fi\u00e8re de vivre cette exp\u00e9rience et de compter parmi les forces fran\u00e7aises d\u00e9ploy\u00e9es aux \u00c9mirats arabes unis. En cette p\u00e9riode symbolique, mes pens\u00e9es vont naturellement vers ma famille, qui reste pr\u00e9sente dans mon c\u0153ur, o\u00f9 que je sois.\u00a0\u00bb<\/p>\n<p><b>Encore plus de sens \u00e0 son engagement<\/b><\/p>\n<p>\u00ab\u00a0J\u2019ai \u00e9galement eu l\u2019honneur et la chance d\u2019\u00eatre convi\u00e9e \u00e0 la table du pr\u00e9sident de la R\u00e9publique, lors de sa visite aux \u00c9mirats arabes unis, confie la jeune femme. Un moment marquant qui donne encore plus de sens \u00e0 cet engagement, loin de chez moi.\u00a0\u00bb<\/p>\n<p>L\u2019adjudant Maguelone est souvent pr\u00e9sente dans les manifestations du village et lors des c\u00e9r\u00e9monies comme le 11-Novembre, 8 mai. Souhaitons-lui bon courage et bon retour.<\/p>\n<p>Correspondant Midi Libre : 06 32 69 54 72<\/p>\n","protected":false},"excerpt":{"rendered":"Militaire dans l\u2019arm\u00e9e de l\u2019air, l\u2019adjudant Maguelone, 39 ans, mari\u00e9e, est actuellement en mission pour quatre mois aux&hellip;\n","protected":false},"author":2,"featured_media":630039,"comment_status":"","ping_status":"","sticky":false,"template":"","format":"standard","meta":{"footnotes":""},"categories":[9599],"tags":[1111,11,1777,674,1011,27,2679,2208,12,2680,73909,25,801,1857],"class_list":{"0":"post-630038","1":"post","2":"type-post","3":"status-publish","4":"format-standard","5":"has-post-thumbnail","7":"category-montpellier","8":"tag-actu","9":"tag-actualites","10":"tag-eu","11":"tag-europe","12":"tag-fr","13":"tag-france","14":"tag-gard","15":"tag-montpellier","16":"tag-news","17":"tag-occitanie","18":"tag-redessan","19":"tag-republique-francaise","20":"tag-social","21":"tag-sociu00e9tu00e9"},"share_on_mastodon":{"url":"https:\/\/pubeurope.com\/@fr\/115809036692418140","error":""},"_links":{"self":[{"href":"https:\/\/www.europesays.com\/fr\/wp-json\/wp\/v2\/posts\/630038","targetHints":{"allow":["GET"]}}],"collection":[{"href":"https:\/\/www.europesays.com\/fr\/wp-json\/wp\/v2\/posts"}],"about":[{"href":"https:\/\/www.europesays.com\/fr\/wp-json\/wp\/v2\/types\/post"}],"author":[{"embeddable":true,"href":"https:\/\/www.europesays.com\/fr\/wp-json\/wp\/v2\/users\/2"}],"replies":[{"embeddable":true,"href":"https:\/\/www.europesays.com\/fr\/wp-json\/wp\/v2\/comments?post=630038"}],"version-history":[{"count":0,"href":"https:\/\/www.europesays.com\/fr\/wp-json\/wp\/v2\/posts\/630038\/revisions"}],"wp:featuredmedia":[{"embeddable":true,"href":"https:\/\/www.europesays.com\/fr\/wp-json\/wp\/v2\/media\/630039"}],"wp:attachment":[{"href":"https:\/\/www.europesays.com\/fr\/wp-json\/wp\/v2\/media?parent=630038"}],"wp:term":[{"taxonomy":"category","embeddable":true,"href":"https:\/\/www.europesays.com\/fr\/wp-json\/wp\/v2\/categories?post=630038"},{"taxonomy":"post_tag","embeddable":true,"href":"https:\/\/www.europesays.com\/fr\/wp-json\/wp\/v2\/tags?post=630038"}],"curies":[{"name":"wp","href":"https:\/\/api.w.org\/{rel}","templated":true}]}}