{"id":630048,"date":"2025-12-30T14:48:12","date_gmt":"2025-12-30T14:48:12","guid":{"rendered":"https:\/\/www.europesays.com\/fr\/630048\/"},"modified":"2025-12-30T14:48:12","modified_gmt":"2025-12-30T14:48:12","slug":"perturbation-a-saint-armel-des-le-12-janvier","status":"publish","type":"post","link":"https:\/\/www.europesays.com\/fr\/630048\/","title":{"rendered":"perturbation \u00e0 Saint-Armel d\u00e8s le 12 janvier"},"content":{"rendered":"<p>\n            Publi\u00e9 le 30-12-2025 \u00e0 13:58        <\/p>\n<p>            <img decoding=\"async\" class=\"page_photo\" src=\"https:\/\/www.rennes-scope.com\/photos\/ligne-de-bus-73-a-rennes-perturbation-a-saint-armel-a-partir-du-12-janvier-2026.webp\" alt=\"Ligne de bus 73  \u00e0 Rennes : perturbation \u00e0 Saint-Armel \u00e0 partir du 12 janvier 2026\" loading=\"lazy\"\/><\/p>\n<p>Cr\u00e9dit : Rennescope<\/p>\n<p>En raison de travaux, deux arr\u00eats de bus de la ligne 73 \u00e0 Saint-Armel sont temporairement supprim\u00e9s.<\/p>\n<p>\n                                D\u00e8s le 12 janvier 2026, certains arr\u00eats de la ligne 73 \u00e0 Saint-Armel seront provisoirement supprim\u00e9s et de nouveaux horaires seront appliqu\u00e9s pendant les travaux du bourg.            <\/p>\n<p>Les usagers de la ligne 73 du r\u00e9seau STAR \u00e0 Rennes doivent se pr\u00e9parer \u00e0 une nouvelle perturbation \u00e0 partir du <b>12 janvier 2026<\/b>. Cette ligne, qui relie la station de m\u00e9tro La Poterie \u00e0 Rennes \u00e0 Corps-Nuds, dessert \u00e9galement les communes de Vern-sur-Seiche (<a href=\"https:\/\/www.rennes-scope.com\/article\/702-ligne-62-du-star-un-nouveau-terminus-et-plus-de-bus-vers-vern-sur-seiche-des-janvier-2026\" target=\"_blank\" rel=\"noopener\">o\u00f9 un nouveau terminus sera mis en service sur la ligne 62<\/a>) et Saint-Armel et constitue un axe important pour les trajets quotidiens dans le sud-est de la m\u00e9tropole.<\/p>\n<p>        Saint-Armel : desserte limit\u00e9e jusqu&rsquo;\u00e0 l&rsquo;\u00e9t\u00e9 2026<\/p>\n<p>En raison des <b>travaux de r\u00e9fection du centre-bourg de Saint-Armel<\/b>, deux des trois arr\u00eats de la commune ne seront plus desservis : Saint-Armel \u00c9glise et Saint-Armel Gare. Seul Lande du Jardin restera accessible. Les bus de la ligne 73 effectueront leur <b>demi-tour au rond-point situ\u00e9 juste apr\u00e8s cet arr\u00eat<\/b>. Cette d\u00e9viation restera en vigueur <b>jusqu&rsquo;\u00e0 l&rsquo;\u00e9t\u00e9 2026<\/b>, la date exacte d\u00e9pendant de l\u2019avanc\u00e9e des travaux. Les habitants et voyageurs r\u00e9guliers doivent donc anticiper des ajustements dans leurs trajets et consulter les horaires actualis\u00e9s avant chaque d\u00e9placement.<\/p>\n<p>Horaires modifi\u00e9s et informations pratiques<\/p>\n<p>Ces travaux entra\u00eenent des <b>modifications d\u2019horaires<\/b> sur la ligne73. Les informations actualis\u00e9es sont disponibles sur <a href=\"https:\/\/www.star.fr\/se-deplacer\/info-trafic\/ligne\/73\" target=\"_blank\" rel=\"noopener noreferrer\">le site officiel du r\u00e9seau STAR<\/a> permettant aux voyageurs de planifier leurs d\u00e9placements et d\u2019\u00e9viter les retards. Les fiches d\u00e9taill\u00e9es avec les nouveaux horaires sont \u00e9galement disponibles <a href=\"https:\/\/www.star.fr\/fileadmin\/3-PERTURBATIONS\/HCO-Vern_WEB.pdf\" target=\"_blank\" rel=\"noopener noreferrer\">pour le tron\u00e7on autour de Vern-sur-Seiche<\/a> ainsi que pour <a href=\"https:\/\/www.star.fr\/fileadmin\/3-PERTURBATIONS\/HCO-CorpsNuds-StArmel_WEB.pdf\" target=\"_blank\" rel=\"noopener noreferrer\">le tron\u00e7on Saint-Armel et Cords-Nuds<\/a>. <\/p>\n<p>Corps-Nuds : perturbation d\u00e9j\u00e0 en cours<\/p>\n<p>La ligne 73 est \u00e9galement impact\u00e9e \u00e0 Corps-Nuds o\u00f9 les travaux autour de la gare sont en cours depuis plusieurs semaines. L\u2019arr\u00eat Huberdi\u00e8res n\u2019est pas desservi dans le sens Rennes vers Corps-Nuds et le terminus est temporairement d\u00e9plac\u00e9 \u00e0 un <b>arr\u00eat provisoire dans la rue de la gare<\/b>. <\/p>\n<p>                A lire aussi<\/p>\n<p>        <a href=\"https:\/\/www.rennes-scope.com\/articles-tag.php?nom=star\" target=\"_blank\" rel=\"noopener\"><\/p>\n<p>star<\/p>\n<p><\/a><a href=\"https:\/\/www.rennes-scope.com\/articles-tag.php?nom=bus\" target=\"_blank\" rel=\"noopener\"><\/p>\n<p>bus<\/p>\n<p><\/a><a href=\"https:\/\/www.rennes-scope.com\/articles-tag.php?nom=saint-armel\" target=\"_blank\" rel=\"noopener\"><\/p>\n<p>saint-armel<\/p>\n<p><\/a><\/p>\n","protected":false},"excerpt":{"rendered":"Publi\u00e9 le 30-12-2025 \u00e0 13:58 Cr\u00e9dit : Rennescope En raison de travaux, deux arr\u00eats de bus de la&hellip;\n","protected":false},"author":2,"featured_media":630049,"comment_status":"","ping_status":"","sticky":false,"template":"","format":"standard","meta":{"footnotes":""},"categories":[2821],"tags":[1111,11,829,1777,674,1011,27,12,584,25],"class_list":{"0":"post-630048","1":"post","2":"type-post","3":"status-publish","4":"format-standard","5":"has-post-thumbnail","7":"category-rennes","8":"tag-actu","9":"tag-actualites","10":"tag-bretagne","11":"tag-eu","12":"tag-europe","13":"tag-fr","14":"tag-france","15":"tag-news","16":"tag-rennes","17":"tag-republique-francaise"},"share_on_mastodon":{"url":"https:\/\/pubeurope.com\/@fr\/115809072322657404","error":""},"_links":{"self":[{"href":"https:\/\/www.europesays.com\/fr\/wp-json\/wp\/v2\/posts\/630048","targetHints":{"allow":["GET"]}}],"collection":[{"href":"https:\/\/www.europesays.com\/fr\/wp-json\/wp\/v2\/posts"}],"about":[{"href":"https:\/\/www.europesays.com\/fr\/wp-json\/wp\/v2\/types\/post"}],"author":[{"embeddable":true,"href":"https:\/\/www.europesays.com\/fr\/wp-json\/wp\/v2\/users\/2"}],"replies":[{"embeddable":true,"href":"https:\/\/www.europesays.com\/fr\/wp-json\/wp\/v2\/comments?post=630048"}],"version-history":[{"count":0,"href":"https:\/\/www.europesays.com\/fr\/wp-json\/wp\/v2\/posts\/630048\/revisions"}],"wp:featuredmedia":[{"embeddable":true,"href":"https:\/\/www.europesays.com\/fr\/wp-json\/wp\/v2\/media\/630049"}],"wp:attachment":[{"href":"https:\/\/www.europesays.com\/fr\/wp-json\/wp\/v2\/media?parent=630048"}],"wp:term":[{"taxonomy":"category","embeddable":true,"href":"https:\/\/www.europesays.com\/fr\/wp-json\/wp\/v2\/categories?post=630048"},{"taxonomy":"post_tag","embeddable":true,"href":"https:\/\/www.europesays.com\/fr\/wp-json\/wp\/v2\/tags?post=630048"}],"curies":[{"name":"wp","href":"https:\/\/api.w.org\/{rel}","templated":true}]}}