{"id":630050,"date":"2025-12-30T14:49:13","date_gmt":"2025-12-30T14:49:13","guid":{"rendered":"https:\/\/www.europesays.com\/fr\/630050\/"},"modified":"2025-12-30T14:49:13","modified_gmt":"2025-12-30T14:49:13","slug":"schiltigheim-parcus-nouveau-gestionnaire-du-stationnement-payant","status":"publish","type":"post","link":"https:\/\/www.europesays.com\/fr\/630050\/","title":{"rendered":"Schiltigheim. Parcus +\u00a0nouveau gestionnaire du stationnement payant"},"content":{"rendered":"<p>Parcus +\u00a0reprend \u00e0 compter du 1er \u00a0 janvier \u00e0 Schiltigheim l\u2019int\u00e9gralit\u00e9 des missions assur\u00e9es par la soci\u00e9t\u00e9 Indigo\u00a0: le contr\u00f4le <a href=\"https:\/\/www.dna.fr\/environnement\/2025\/06\/13\/stationnement-payant-des-riverains-perdent-la-moitie-des-places-et-leur-calme\" target=\"_blank\" rel=\"noopener\">du stationnement<\/a> et l\u2019\u00e9mission des forfaits de post-stationnement\u00a0; le traitement des recours administratifs pr\u00e9alables obligatoires\u00a0; l\u2019accueil des usagers et la gestion des abonnements\u00a0; l\u2019entretien, la maintenance et la gestion <a href=\"https:\/\/www.dna.fr\/transport\/2025\/03\/20\/j-irai-me-garer-chez-vous-c-est-gratuit-des-rues-de-cronenbourg-et-bischheim-saturees\" target=\"_blank\" rel=\"noopener\">des horodateurs<\/a>.<\/p>\n<p>Les outils et dispositifs existants sont maintenus, notamment les applications EasyPark et Indigo Neo, ainsi que les modes de paiement actuels, via horodateurs physiques et horodateurs virtuels.<\/p>\n<p>Ce contenu est bloqu\u00e9 car vous n&rsquo;avez pas accept\u00e9 les cookies et autres traceurs.<\/p>\n<p>En cliquant sur \u00ab J\u2019accepte \u00bb, les cookies et autres traceurs seront d\u00e9pos\u00e9s et vous pourrez visualiser les contenus  (<a href=\"\" class=\"consentModule_policy\" target=\"_blank\" title=\"Consulter la politique de protection des donn\u00e9es du fournisseur\">plus d&rsquo;informations<\/a>).<\/p>\n<p>En cliquant sur \u00ab J\u2019accepte tous les cookies \u00bb, vous autorisez des d\u00e9p\u00f4ts de cookies et autres traceurs pour le stockage de vos donn\u00e9es sur nos sites et applications \u00e0 des fins de personnalisation et de ciblage publicitaire.<\/p>\n<p class=\"consentModule_secondaryText\">Vous gardez la possibilit\u00e9 de retirer votre consentement \u00e0 tout moment en consultant notre <a href=\"https:\/\/www.dna.fr\/protection-des-donnees\" target=\"_blank\" title=\"Consulter notre politique de protection des donn\u00e9es\" rel=\"noopener\">politique de protection des donn\u00e9es<\/a>. <br \/>&#13;<br \/>\n            <a href=\"https:\/\/www.dna.fr\/transport\/2025\/12\/30\/javascript:Didomi.notice.show()\" class=\"consentModule_cmp\" target=\"_blank\" rel=\"noopener\">G\u00e9rer mes choix<\/a>&#13;\n        <\/p>\n<p>&#13;<br \/>\n                        J&rsquo;accepte&#13;<br \/>\n            J&rsquo;accepte tous les cookies&#13;\n        <\/p>\n<p>  Permanences exceptionnelles<\/p>\n<p>Parcus +\u00a0a mis en place des permanences exceptionnelles en mairie de Schiltigheim, mercredi 14\u00a0janvier de 8\u00a0h\u00a030 \u00e0 12\u00a0h et de 13\u00a0h\u00a030 \u00e0 17\u00a0h\u00a030, samedi 17\u00a0janvier de 9\u00a0h \u00e0 12\u00a0h, mercredi 21\u00a0janvier de 8\u00a0h\u00a030 \u00e0 12\u00a0h et de 13\u00a0h\u00a030 \u00e0 17\u00a0h\u00a030, samedi 24\u00a0janvier de 9\u00a0h \u00e0 12\u00a0h, mercredi 28\u00a0janvier de 8\u00a0h\u00a030 \u00e0 12\u00a0h et de 13\u00a0h\u00a030 \u00e0 17\u00a0h\u00a030, samedi 31\u00a0janvier de 9\u00a0h \u00e0 12\u00a0h.<\/p>\n<p>\u00c0 compter de f\u00e9vrier\u00a02026, une permanence sera \u00e9galement assur\u00e9e chaque premier mercredi du mois \u00e0 l\u2019H\u00f4tel de Ville.<\/p>\n<p>L\u2019accueil des usagers sera assur\u00e9 au sein de la boutique Parcus +\u00a0, au centre administratif de Strasbourg, par t\u00e9l\u00e9phone au 03\u00a068\u00a098\u00a065\u00a094 et sur l\u2019adresse mail\u00a0: boutique.voirie.schiltigheim@parcus.com. Les usagers pourront consulter leur compte client <a href=\"https:\/\/schiltigheim.e-habitants.com\" target=\"_blank\" rel=\"noopener\">sur le guichet num\u00e9rique<\/a> \u00e0 compter du 6\u00a0janvier 2026. Ils peuvent \u00e9galement contacter la Ville de Schiltigheim \u00e0 l\u2019adresse mail suivante\u00a0: stationnement@ville-schiltigheim.fr.<\/p>\n","protected":false},"excerpt":{"rendered":"Parcus +\u00a0reprend \u00e0 compter du 1er \u00a0 janvier \u00e0 Schiltigheim l\u2019int\u00e9gralit\u00e9 des missions assur\u00e9es par la soci\u00e9t\u00e9 Indigo\u00a0:&hellip;\n","protected":false},"author":2,"featured_media":630051,"comment_status":"","ping_status":"","sticky":false,"template":"","format":"standard","meta":{"footnotes":""},"categories":[2820],"tags":[1111,11,2880,1777,674,107,1011,27,775,12,25,5512,640,3265,2803],"class_list":{"0":"post-630050","1":"post","2":"type-post","3":"status-publish","4":"format-standard","5":"has-post-thumbnail","7":"category-strasbourg","8":"tag-actu","9":"tag-actualites","10":"tag-edition-strasbourg","11":"tag-eu","12":"tag-europe","13":"tag-fil-info","14":"tag-fr","15":"tag-france","16":"tag-grand-est","17":"tag-news","18":"tag-republique-francaise","19":"tag-schiltigheim","20":"tag-strasbourg","21":"tag-strasbourg-nord","22":"tag-transport"},"share_on_mastodon":{"url":"https:\/\/pubeurope.com\/@fr\/115809076109389334","error":""},"_links":{"self":[{"href":"https:\/\/www.europesays.com\/fr\/wp-json\/wp\/v2\/posts\/630050","targetHints":{"allow":["GET"]}}],"collection":[{"href":"https:\/\/www.europesays.com\/fr\/wp-json\/wp\/v2\/posts"}],"about":[{"href":"https:\/\/www.europesays.com\/fr\/wp-json\/wp\/v2\/types\/post"}],"author":[{"embeddable":true,"href":"https:\/\/www.europesays.com\/fr\/wp-json\/wp\/v2\/users\/2"}],"replies":[{"embeddable":true,"href":"https:\/\/www.europesays.com\/fr\/wp-json\/wp\/v2\/comments?post=630050"}],"version-history":[{"count":0,"href":"https:\/\/www.europesays.com\/fr\/wp-json\/wp\/v2\/posts\/630050\/revisions"}],"wp:featuredmedia":[{"embeddable":true,"href":"https:\/\/www.europesays.com\/fr\/wp-json\/wp\/v2\/media\/630051"}],"wp:attachment":[{"href":"https:\/\/www.europesays.com\/fr\/wp-json\/wp\/v2\/media?parent=630050"}],"wp:term":[{"taxonomy":"category","embeddable":true,"href":"https:\/\/www.europesays.com\/fr\/wp-json\/wp\/v2\/categories?post=630050"},{"taxonomy":"post_tag","embeddable":true,"href":"https:\/\/www.europesays.com\/fr\/wp-json\/wp\/v2\/tags?post=630050"}],"curies":[{"name":"wp","href":"https:\/\/api.w.org\/{rel}","templated":true}]}}