{"id":630054,"date":"2025-12-30T14:51:13","date_gmt":"2025-12-30T14:51:13","guid":{"rendered":"https:\/\/www.europesays.com\/fr\/630054\/"},"modified":"2025-12-30T14:51:13","modified_gmt":"2025-12-30T14:51:13","slug":"le-trafic-ferroviaire-perturbe-entre-marseille-et-nice-en-raison-dun-accident","status":"publish","type":"post","link":"https:\/\/www.europesays.com\/fr\/630054\/","title":{"rendered":"Le trafic ferroviaire perturb\u00e9 entre Marseille et Nice en raison d&rsquo;un accident"},"content":{"rendered":"<p>En raison d&rsquo;un accident de personne survenu \u00e0 un passage \u00e0 niveau sur la commune de Puget-sur-Argens (Var), le trafic ferroviaire est interrompu entre Draguignan et Cannes, provoquant <a href=\"https:\/\/www.laprovence.com\/article\/region\/5305160618830414\/un-train-en-panne-a-toulon-provoque-de-fortes-perturbations-entre-marseille-et-nice\" target=\"_blank\" rel=\"noopener\">des perturbations sur l&rsquo;axe Nice-Marseille<\/a>.<\/p>\n<p>Comme rapport\u00e9 par <a href=\"https:\/\/france3-regions.franceinfo.fr\/provence-alpes-cote-d-azur\/var\/frejus-et-saint-raphael\/un-accident-de-personne-paralyse-le-trafic-ferroviaire-sur-la-cote-d-azur-les-circulations-interrompues-plusieurs-heures-3273836.html\" target=\"_blank\" rel=\"noopener\">Ici Provence<\/a>, un individu aurait \u00e9t\u00e9 percut\u00e9 par un train dans les alentours de 10 heures ce matin, n\u00e9cessitant l&rsquo;intervention de 10 sapeurs-pompiers du Var. Malgr\u00e9 l&rsquo;intervention, la personne serait d\u00e9c\u00e9d\u00e9e des suite de l&rsquo;accident et plusieurs v\u00e9hicules de secours restent mobilis\u00e9s sur place pour r\u00e9tablir la situation au plus vite.<\/p>\n<p>Le trafic ferroviaire est perturb\u00e9 sur la circulation des trains ZOU! et des TGV Inoui entre Marseille et la C\u00f4te d&rsquo;Azur, nous confirme la SNCF. Des trains sont pr\u00e9vus avec une demi-heure de retard en <a href=\"https:\/\/www.laprovence.com\/article\/culture-loisirs\/375633464111114\/la-gare-saint-charles-a-marseille-envahie-d-affiches-poetiques\" target=\"_blank\" rel=\"noopener\">gare de Marseile Saint &#8211; Charles<\/a>. La reprise du trafic est annonc\u00e9e aux alentours de 13 heures.<\/p>\n","protected":false},"excerpt":{"rendered":"En raison d&rsquo;un accident de personne survenu \u00e0 un passage \u00e0 niveau sur la commune de Puget-sur-Argens (Var),&hellip;\n","protected":false},"author":2,"featured_media":630055,"comment_status":"","ping_status":"","sticky":false,"template":"","format":"standard","meta":{"footnotes":""},"categories":[2819],"tags":[17,1111,11,2834,1777,674,8390,1011,27,884,12,2401,9777,882,13637,25,104,1097],"class_list":{"0":"post-630054","1":"post","2":"type-post","3":"status-publish","4":"format-standard","5":"has-post-thumbnail","7":"category-nice","8":"tag-17","9":"tag-actu","10":"tag-actualites","11":"tag-entre","12":"tag-eu","13":"tag-europe","14":"tag-ferroviaire","15":"tag-fr","16":"tag-france","17":"tag-marseille","18":"tag-news","19":"tag-nice","20":"tag-perturbe","21":"tag-provence-alpes-cote-dazur","22":"tag-raison","23":"tag-republique-francaise","24":"tag-societe","25":"tag-trafic"},"share_on_mastodon":{"url":"https:\/\/pubeurope.com\/@fr\/115809083931336524","error":""},"_links":{"self":[{"href":"https:\/\/www.europesays.com\/fr\/wp-json\/wp\/v2\/posts\/630054","targetHints":{"allow":["GET"]}}],"collection":[{"href":"https:\/\/www.europesays.com\/fr\/wp-json\/wp\/v2\/posts"}],"about":[{"href":"https:\/\/www.europesays.com\/fr\/wp-json\/wp\/v2\/types\/post"}],"author":[{"embeddable":true,"href":"https:\/\/www.europesays.com\/fr\/wp-json\/wp\/v2\/users\/2"}],"replies":[{"embeddable":true,"href":"https:\/\/www.europesays.com\/fr\/wp-json\/wp\/v2\/comments?post=630054"}],"version-history":[{"count":0,"href":"https:\/\/www.europesays.com\/fr\/wp-json\/wp\/v2\/posts\/630054\/revisions"}],"wp:featuredmedia":[{"embeddable":true,"href":"https:\/\/www.europesays.com\/fr\/wp-json\/wp\/v2\/media\/630055"}],"wp:attachment":[{"href":"https:\/\/www.europesays.com\/fr\/wp-json\/wp\/v2\/media?parent=630054"}],"wp:term":[{"taxonomy":"category","embeddable":true,"href":"https:\/\/www.europesays.com\/fr\/wp-json\/wp\/v2\/categories?post=630054"},{"taxonomy":"post_tag","embeddable":true,"href":"https:\/\/www.europesays.com\/fr\/wp-json\/wp\/v2\/tags?post=630054"}],"curies":[{"name":"wp","href":"https:\/\/api.w.org\/{rel}","templated":true}]}}