{"id":630058,"date":"2025-12-30T14:54:17","date_gmt":"2025-12-30T14:54:17","guid":{"rendered":"https:\/\/www.europesays.com\/fr\/630058\/"},"modified":"2025-12-30T14:54:17","modified_gmt":"2025-12-30T14:54:17","slug":"zakaria-aboukhlal-a-dit-oui-au-fc-nantes","status":"publish","type":"post","link":"https:\/\/www.europesays.com\/fr\/630058\/","title":{"rendered":"Zakaria Aboukhlal a dit oui au FC Nantes"},"content":{"rendered":"<p>Le mercato s\u2019acc\u00e9l\u00e8re au FC <a href=\"https:\/\/www.footmercato.net\/club\/fc-nantes\/\" target=\"_blank\" rel=\"noopener\">Nantes<\/a>. Apr\u00e8s avoir recrut\u00e9 Deiver Machado (Lens) et R\u00e9my Cabella (Olympiakos), les Canaris sont bien partis pour attirer deux renforts suppl\u00e9mentaires. <a href=\"https:\/\/www.footmercato.net\/a354584370550804059-une-recrue-a-2-meur-arrive-a-nantes\" target=\"_blank\" rel=\"noopener\">\u00c0 commencer par le milieu de terrain malien Ibrahima Sissoko<\/a>.<\/p>\n<p>            La suite apr\u00e8s cette publicit\u00e9<\/p>\n<p>L\u2019ancien Strasbourgeois devrait \u00eatre achet\u00e9 \u00e0 Bochum en \u00e9change de 2 M\u20ac. Hier, Ouest-France assurait que <a href=\"https:\/\/www.footmercato.net\/a4115994922888230012-mercato-nantes-tient-un-accord-pour-rapatrier-un-autre-ex-de-ligue-1\" target=\"_blank\" rel=\"noopener\">Nantes tenait un accord avec le Torino pour le pr\u00eat de Zakaria Aboukhlal<\/a>, mais qu\u2019il manquait encore la r\u00e9ponse du joueur. Eh bien <a href=\"https:\/\/www.ouest-france.fr\/sport\/football\/fc-nantes\/fc-nantes-mercato-deal-pour-le-transfert-dibrahima-sissoko-et-accord-de-zakaria-aboukhlal-f58d6894-e561-11f0-91a5-1dde61cf54f7\" target=\"_blank\" rel=\"noopener\">Presse Oc\u00e9an<\/a> assure que le milieu offensif marocain a donn\u00e9 son feu vert pour rallier les bords de l\u2019Erdre. <\/p>\n<p>\n    Pub. le 30\/12\/2025 14:10<br \/>\n            &#8211; MAJ le 30\/12\/2025 15:18\n    <\/p>\n","protected":false},"excerpt":{"rendered":"Le mercato s\u2019acc\u00e9l\u00e8re au FC Nantes. Apr\u00e8s avoir recrut\u00e9 Deiver Machado (Lens) et R\u00e9my Cabella (Olympiakos), les Canaris&hellip;\n","protected":false},"author":2,"featured_media":630059,"comment_status":"","ping_status":"","sticky":false,"template":"","format":"standard","meta":{"footnotes":""},"categories":[2818],"tags":[1111,11,1777,674,1011,27,766,12,2636,25],"class_list":{"0":"post-630058","1":"post","2":"type-post","3":"status-publish","4":"format-standard","5":"has-post-thumbnail","7":"category-nantes","8":"tag-actu","9":"tag-actualites","10":"tag-eu","11":"tag-europe","12":"tag-fr","13":"tag-france","14":"tag-nantes","15":"tag-news","16":"tag-pays-de-la-loire","17":"tag-republique-francaise"},"share_on_mastodon":{"url":"https:\/\/pubeurope.com\/@fr\/115809095744690001","error":""},"_links":{"self":[{"href":"https:\/\/www.europesays.com\/fr\/wp-json\/wp\/v2\/posts\/630058","targetHints":{"allow":["GET"]}}],"collection":[{"href":"https:\/\/www.europesays.com\/fr\/wp-json\/wp\/v2\/posts"}],"about":[{"href":"https:\/\/www.europesays.com\/fr\/wp-json\/wp\/v2\/types\/post"}],"author":[{"embeddable":true,"href":"https:\/\/www.europesays.com\/fr\/wp-json\/wp\/v2\/users\/2"}],"replies":[{"embeddable":true,"href":"https:\/\/www.europesays.com\/fr\/wp-json\/wp\/v2\/comments?post=630058"}],"version-history":[{"count":0,"href":"https:\/\/www.europesays.com\/fr\/wp-json\/wp\/v2\/posts\/630058\/revisions"}],"wp:featuredmedia":[{"embeddable":true,"href":"https:\/\/www.europesays.com\/fr\/wp-json\/wp\/v2\/media\/630059"}],"wp:attachment":[{"href":"https:\/\/www.europesays.com\/fr\/wp-json\/wp\/v2\/media?parent=630058"}],"wp:term":[{"taxonomy":"category","embeddable":true,"href":"https:\/\/www.europesays.com\/fr\/wp-json\/wp\/v2\/categories?post=630058"},{"taxonomy":"post_tag","embeddable":true,"href":"https:\/\/www.europesays.com\/fr\/wp-json\/wp\/v2\/tags?post=630058"}],"curies":[{"name":"wp","href":"https:\/\/api.w.org\/{rel}","templated":true}]}}