{"id":630081,"date":"2025-12-30T15:08:14","date_gmt":"2025-12-30T15:08:14","guid":{"rendered":"https:\/\/www.europesays.com\/fr\/630081\/"},"modified":"2025-12-30T15:08:14","modified_gmt":"2025-12-30T15:08:14","slug":"paris-comportement-agressif-insultant-et-humiliant-lavocat-emmanuel-pierrat-sera-juge-pour-harcelement-moral","status":"publish","type":"post","link":"https:\/\/www.europesays.com\/fr\/630081\/","title":{"rendered":"Paris : \u00ab Comportement agressif, insultant et humiliant \u00bb\u2026 L\u2019avocat Emmanuel Pierrat sera jug\u00e9 pour harc\u00e8lement moral"},"content":{"rendered":"<p class=\"mb-4 text-lg md:leading-8 break-words\"><strong>Management toxique &#8211; Connu notamment pour avoir d\u00e9fendu Gabriel Matzneff, le plasticien Claude L\u00e9v\u00eaque, ou l\u2019ex-\u00e9cologiste Denis Baupin, l\u2019avocat Emmanuel Pierrat est \u00e0 son tour sur le banc des accus\u00e9s par d\u2019anciens collaborateurs<\/strong><\/p>\n<p class=\"mb-4 text-lg md:leading-8 break-words\">Ce mardi, le <a href=\"https:\/\/www.20minutes.fr\/dossier\/parquet_de_paris?at_medium=RSS%20feed&amp;at_campaign=ynews&amp;utm_source=yahoo&amp;utm_medium=rss&amp;utm_campaign=news_feed&amp;utm_content=in_article_link\" rel=\"nofollow noopener\" target=\"_blank\" data-ylk=\"slk:parquet de Paris;elm:context_link;itc:0;sec:content-canvas\" class=\"link \">parquet de Paris<\/a> a indiqu\u00e9 que l\u2019avocat <a href=\"https:\/\/www.20minutes.fr\/justice\/4051785-20230907-paris-massages-remarques-deplacees-avocat-affaires-juge-harcelement-moral-sexuel?at_medium=RSS%20feed&amp;at_campaign=ynews&amp;utm_source=yahoo&amp;utm_medium=rss&amp;utm_campaign=news_feed&amp;utm_content=in_article_link\" rel=\"nofollow noopener\" target=\"_blank\" data-ylk=\"slk:Emmanuel Pierrat;elm:context_link;itc:0;sec:content-canvas\" class=\"link \">Emmanuel Pierrat<\/a> est renvoy\u00e9 devant le <a href=\"https:\/\/www.20minutes.fr\/justice\/4177816-20251007-parquet-paris-classe-signalement-visant-rachida-dati-outrage-magistrat?at_medium=RSS%20feed&amp;at_campaign=ynews&amp;utm_source=yahoo&amp;utm_medium=rss&amp;utm_campaign=news_feed&amp;utm_content=in_article_link\" rel=\"nofollow noopener\" target=\"_blank\" data-ylk=\"slk:tribunal correctionnel de Paris;elm:context_link;itc:0;sec:content-canvas\" class=\"link \">tribunal correctionnel de Paris<\/a> pour harc\u00e8lement moral au pr\u00e9judice de cinq personnes. Son ancienne associ\u00e9e, l\u2019avocate Sophie Viaris de Lesegno, est \u00e9galement renvoy\u00e9e pour complicit\u00e9 de harc\u00e8lement moral. Une audience de mise en \u00e9tat p\u00e9nale se tiendra le 4\u00a0f\u00e9vrier.<\/p>\n<p class=\"mb-4 text-lg md:leading-8 break-words\">Il est reproch\u00e9 \u00e0 Emmanuel Pierrat d\u2019avoir entre les 1er\u00a0octobre 2015 et 31\u00a0mai 2021 harcel\u00e9 ces personnes par des \u00ab\u00a0propos ou comportements r\u00e9p\u00e9t\u00e9s, exc\u00e9dant l\u2019exercice normal du pouvoir de direction, ayant pour objet ou pour effet une d\u00e9gradation des <a href=\"https:\/\/www.20minutes.fr\/dossier\/conditions_de_travail?at_medium=RSS%20feed&amp;at_campaign=ynews&amp;utm_source=yahoo&amp;utm_medium=rss&amp;utm_campaign=news_feed&amp;utm_content=in_article_link\" rel=\"nofollow noopener\" target=\"_blank\" data-ylk=\"slk:conditions de travail;elm:context_link;itc:0;sec:content-canvas\" class=\"link \">conditions de travail<\/a> susceptible de porter atteinte \u00e0 leurs droits et \u00e0 leur dignit\u00e9, d\u2019alt\u00e9rer leur sant\u00e9 physique ou mentale ou de compromettre leur avenir professionnel\u00a0\u00bb, selon le parquet.<\/p>\n<p>38 membres du cabinet d\u00e9noncent un management toxique<\/p>\n<p class=\"mb-4 text-lg md:leading-8 break-words\">L\u2019avocat aurait hurl\u00e9 sur les victimes, d\u00e9nigrant leur travail, les insultant et leur tenant des propos humiliants.<\/p>\n<p class=\"mb-4 text-lg md:leading-8 break-words\">Il est reproch\u00e9 \u00e0 Sophie Viaris de Lesegno d\u2019avoir \u00e9t\u00e9 complice de ce d\u00e9lit en l\u2019aidant via une surveillance par exemple ou en n\u2019intervenant pas pour faire cesser les situations de <a href=\"https:\/\/www.20minutes.fr\/dossier\/harcelement-moral?at_medium=RSS%20feed&amp;at_campaign=ynews&amp;utm_source=yahoo&amp;utm_medium=rss&amp;utm_campaign=news_feed&amp;utm_content=in_article_link\" rel=\"nofollow noopener\" target=\"_blank\" data-ylk=\"slk:harc\u00e8lement moral;elm:context_link;itc:0;sec:content-canvas\" class=\"link \">harc\u00e8lement moral<\/a>, dont elle \u00e9tait t\u00e9moin directe, et en n\u2019alertant pas les autorit\u00e9s comp\u00e9tentes. En tant qu\u2019associ\u00e9e du cabinet, elle avait en effet l\u2019obligation l\u00e9gale de prendre toutes dispositions n\u00e9cessaires, a soulign\u00e9 le parquet.<\/p>\n<p class=\"mb-4 text-lg md:leading-8 break-words\">Au total, 38 membres du cabinet entre\u00a02007 et fin\u00a02023 ont \u00e9t\u00e9 entendus. \u00ab\u00a0Toutes ces personnes ont d\u00e9(&#8230;)<\/p>\n<p class=\"mb-4 text-lg md:leading-8 break-words\"><a href=\"https:\/\/www.20minutes.fr\/justice\/4193724-20251230-paris-comportement-agressif-insultant-humiliant-avocat-emmanuel-pierrat-juge-harcelement-moral?at_medium=RSS%20feed&amp;at_campaign=ynews&amp;utm_source=yahoo&amp;utm_medium=rss&amp;utm_campaign=news_feed&amp;utm_content=read_more_link&quot;\" rel=\"nofollow noopener\" target=\"_blank\" data-ylk=\"slk:Lire la suite sur 20minutes;elm:context_link;itc:0;sec:content-canvas\" class=\"link \">Lire la suite sur 20minutes<\/a><\/p>\n<p>\u00c0 lire aussi :<br \/><a href=\"https:\/\/www.20minutes.fr\/justice\/4180026-20251017-booba-nouveau-mis-examen-harcelement-aggrave-fois-demdem-compagne-gims?at_medium=RSS%20feed&amp;at_campaign=ynews&amp;utm_source=yahoo&amp;utm_medium=rss&amp;utm_campaign=news_feed&amp;utm_content=related_content_link\" rel=\"nofollow noopener\" target=\"_blank\" data-ylk=\"slk:Booba \u00e0 nouveau mis en examen pour harc\u00e8lement aggrav\u00e9, cette fois sur Demdem, la compagne de Gims;elm:context_link;itc:0;sec:content-canvas\" class=\"link \">Booba \u00e0 nouveau mis en examen pour harc\u00e8lement aggrav\u00e9, cette fois sur Demdem, la compagne de Gims<\/a><br \/><a href=\"https:\/\/www.20minutes.fr\/societe\/4184678-20251110-harcelement-prestigieuse-ecole-veterinaire-maisons-alfort-tourmente?at_medium=RSS%20feed&amp;at_campaign=ynews&amp;utm_source=yahoo&amp;utm_medium=rss&amp;utm_campaign=news_feed&amp;utm_content=related_content_link\" rel=\"nofollow noopener\" target=\"_blank\" data-ylk=\"slk:Harc\u00e8lement\u00a0: La prestigieuse Ecole v\u00e9t\u00e9rinaire de Maisons-Alfort dans la tourmente;elm:context_link;itc:0;sec:content-canvas\" class=\"link \">Harc\u00e8lement\u00a0: La prestigieuse Ecole v\u00e9t\u00e9rinaire de Maisons-Alfort dans la tourmente<\/a><\/p>\n","protected":false},"excerpt":{"rendered":"Management toxique &#8211; Connu notamment pour avoir d\u00e9fendu Gabriel Matzneff, le plasticien Claude L\u00e9v\u00eaque, ou l\u2019ex-\u00e9cologiste Denis Baupin,&hellip;\n","protected":false},"author":2,"featured_media":630082,"comment_status":"","ping_status":"","sticky":false,"template":"","format":"standard","meta":{"footnotes":""},"categories":[1888],"tags":[1111,1928,11,1927,73911,1777,674,1011,27,73912,28741,12,1926,626,1925,25,73913,34787],"class_list":{"0":"post-630081","1":"post","2":"type-post","3":"status-publish","4":"format-standard","5":"has-post-thumbnail","7":"category-paris","8":"tag-actu","9":"tag-actu-paris","10":"tag-actualites","11":"tag-actualites-paris","12":"tag-emmanuel-pierrat","13":"tag-eu","14":"tag-europe","15":"tag-fr","16":"tag-france","17":"tag-gabriel-matzneff","18":"tag-harcelement-moral","19":"tag-news","20":"tag-news-paris","21":"tag-paris","22":"tag-paris-news","23":"tag-republique-francaise","24":"tag-sophie-viaris-de-lesegno","25":"tag-tribunal-correctionnel-de-paris"},"share_on_mastodon":{"url":"https:\/\/pubeurope.com\/@fr\/115809150843658896","error":""},"_links":{"self":[{"href":"https:\/\/www.europesays.com\/fr\/wp-json\/wp\/v2\/posts\/630081","targetHints":{"allow":["GET"]}}],"collection":[{"href":"https:\/\/www.europesays.com\/fr\/wp-json\/wp\/v2\/posts"}],"about":[{"href":"https:\/\/www.europesays.com\/fr\/wp-json\/wp\/v2\/types\/post"}],"author":[{"embeddable":true,"href":"https:\/\/www.europesays.com\/fr\/wp-json\/wp\/v2\/users\/2"}],"replies":[{"embeddable":true,"href":"https:\/\/www.europesays.com\/fr\/wp-json\/wp\/v2\/comments?post=630081"}],"version-history":[{"count":0,"href":"https:\/\/www.europesays.com\/fr\/wp-json\/wp\/v2\/posts\/630081\/revisions"}],"wp:featuredmedia":[{"embeddable":true,"href":"https:\/\/www.europesays.com\/fr\/wp-json\/wp\/v2\/media\/630082"}],"wp:attachment":[{"href":"https:\/\/www.europesays.com\/fr\/wp-json\/wp\/v2\/media?parent=630081"}],"wp:term":[{"taxonomy":"category","embeddable":true,"href":"https:\/\/www.europesays.com\/fr\/wp-json\/wp\/v2\/categories?post=630081"},{"taxonomy":"post_tag","embeddable":true,"href":"https:\/\/www.europesays.com\/fr\/wp-json\/wp\/v2\/tags?post=630081"}],"curies":[{"name":"wp","href":"https:\/\/api.w.org\/{rel}","templated":true}]}}