{"id":630115,"date":"2025-12-30T15:30:10","date_gmt":"2025-12-30T15:30:10","guid":{"rendered":"https:\/\/www.europesays.com\/fr\/630115\/"},"modified":"2025-12-30T15:30:10","modified_gmt":"2025-12-30T15:30:10","slug":"cedric-grolet-cambriole-le-montant-a-astronomique-derobe-lui-ruine-completement-noel","status":"publish","type":"post","link":"https:\/\/www.europesays.com\/fr\/630115\/","title":{"rendered":"C\u00e9dric Grolet cambriol\u00e9 : le montant \u00e0 astronomique d\u00e9rob\u00e9 lui ruine compl\u00e8tement No\u00ebl"},"content":{"rendered":"<p>\u00c0 quelques jours des f\u00eates, tout semblait pourtant sourire \u00e0<br \/>\nC\u00e9dric Grolet. Le chef p\u00e2tissier star des r\u00e9seaux sociaux venait<br \/>\ntout juste <strong>d\u2019inaugurer sa premi\u00e8re chocolaterie<br \/>\nparisienne,<\/strong> un lieu spectaculaire pens\u00e9 comme un hommage \u00e0<br \/>\nl\u2019univers de Charlie et la chocolaterie. Mais derri\u00e8re les vitrines<br \/>\nf\u00e9eriques et les d\u00e9cors inspir\u00e9s de Willy Wonka, un tout autre<br \/>\nsc\u00e9nario s\u2019est jou\u00e9 dans la nuit de dimanche \u00e0 lundi.<\/p>\n<blockquote class=\"instagram-media\" style=\"background: #ffffff;border: 0;margin: 1px;width: 100%;padding: 0;max-width: 500px;\" data-instgrm-permalink=\"https:\/\/www.instagram.com\/reels\/DP8e_LfD6kt\/\" data-instgrm-version=\"14\"\/>\n<p>Une mauvaise surprise r\u00e9v\u00e9l\u00e9e en exclusivit\u00e9 par Le Parisien.<br \/>\nOuverte le 18 octobre 2025, avenue de l\u2019Op\u00e9ra, \u00e0 deux pas de sa<br \/>\np\u00e2tisserie historique, la boutique baptis\u00e9e C\u00e9dric et la<br \/>\nchocolaterie avait fait sensation d\u00e8s son lancement. Pour<br \/>\nl\u2019inauguration, le chef de 40 ans avait d\u2019ailleurs frapp\u00e9 fort en<br \/>\nreprenant l\u2019id\u00e9e des c\u00e9l\u00e8bres tickets d\u2019or, dissimul\u00e9s dans<br \/>\ncertaines tablettes, afin d\u2019attirer influenceurs et curieux. Une<br \/>\nop\u00e9ration marketing largement relay\u00e9e sur Instagram et TikTok, o\u00f9<br \/>\nil cumule pr\u00e8s de 22 millions d\u2019abonn\u00e9s. Mais cette visibilit\u00e9<br \/>\nextr\u00eame aurait aussi \u00e9veill\u00e9 des convoitises bien moins<br \/>\ngourmandes.<\/p>\n<p>C\u00e9dric Grolet victime d&rsquo;un cambriolage violent<\/p>\n<p>Selon les informations du <a href=\"https:\/\/www.leparisien.fr\/faits-divers\/paris-la-nouvelle-chocolaterie-de-cedric-grolet-cambriolee-plus-de-15-000-euros-en-liquide-volatilises-30-12-2025-YTSI6NNHNZEMXMMMMPKNKJGICE.php\" target=\"_blank\" rel=\"nofollow noopener\">Parisien<\/a>,<br \/>\nl\u2019\u00e9tablissement a \u00e9t\u00e9 victime <a href=\"https:\/\/www.closermag.fr\/vecu\/faits_divers\/cambriolage-du-louvre-revelation-choc-sur-le-butin-plus-de-8000-3608505\" target=\"_blank\" rel=\"noopener\"><br \/>\nd\u2019un cambriolage<\/a> particuli\u00e8rement cibl\u00e9. Les auteurs des faits<br \/>\nse seraient introduits dans la chocolaterie en passant par une<br \/>\nporte vitr\u00e9e situ\u00e9e dans une rue adjacente. Pour p\u00e9n\u00e9trer \u00e0<br \/>\nl\u2019int\u00e9rieur, ils auraient perc\u00e9 <strong>le barillet d\u2019une serrure<br \/>\nblind\u00e9e<\/strong> de haute s\u00e9curit\u00e9, vraisemblablement \u00e0 l\u2019aide<br \/>\nd\u2019une perceuse. Une fois \u00e0 l\u2019int\u00e9rieur, les cambrioleurs n\u2019ont rien<br \/>\nlaiss\u00e9 au hasard.<\/p>\n<p>Contrairement \u00e0 ce que l\u2019on pourrait imaginer, ils ne se sont<br \/>\npas attard\u00e9s dans l\u2019espace de vente du rez-de-chauss\u00e9e, ni dans la<br \/>\nzone de pr\u00e9paration des commandes en sous-sol. Manifestement<br \/>\ninform\u00e9s, ils se sont dirig\u00e9s directement vers le niveau -1, l\u00e0 o\u00f9<br \/>\nse trouvent les zones de stockage et les caisses. Sur place,<br \/>\nplusieurs placards et tiroirs-caisses ont \u00e9t\u00e9 fouill\u00e9s avec<br \/>\nm\u00e9thode. Les malfaiteurs se sont ensuite <a href=\"https:\/\/www.closermag.fr\/people\/exclu-francois-hollande-et-julie-gayet-cambrioles-comment-est-desormais-protegee-leur-maison-parisienne-3604116\" target=\"_blank\" rel=\"noopener\"><br \/>\nempar\u00e9s du coffre-fort,<\/a> qui contenait non seulement le fond de<br \/>\ncaisse, mais surtout l\u2019ensemble des recettes en liquide accumul\u00e9es<br \/>\ndepuis le 23 d\u00e9cembre, une p\u00e9riode particuli\u00e8rement rentable \u00e0<br \/>\nl\u2019approche de No\u00ebl. Toujours selon Le Parisien, le pr\u00e9judice est<br \/>\nestim\u00e9 entre <strong>15 000 et 20 000 euros.\u00a0<\/strong><\/p>\n<p>Une carte bancaire d\u00e9rob\u00e9e<\/p>\n<p>Une carte bancaire appartenant \u00e0 l\u2019\u00e9tablissement aurait<br \/>\n\u00e9galement \u00e9t\u00e9 <strong>d\u00e9rob\u00e9e<\/strong>. Contact\u00e9 par le quotidien,<br \/>\nle parquet de Paris n\u2019avait pas encore communiqu\u00e9 officiellement au<br \/>\nmoment de la r\u00e9v\u00e9lation de l\u2019affaire.<\/p>\n<p>Une enqu\u00eate devrait \u00eatre ouverte afin d\u2019identifier les auteurs<br \/>\nde ce vol, qui tombe au plus mauvais moment pour le p\u00e2tissier. Ce<br \/>\ncambriolage jette une ombre sur une fin d\u2019ann\u00e9e pourtant<br \/>\nprometteuse pour <a href=\"https:\/\/www.closermag.fr\/people\/mariage-de-jeff-bezos-et-lauren-sanchez-invite-surprise-un-francais-a-regale-les-convives-apres-la-ceremonie-3559107\" target=\"_blank\" rel=\"noopener\"><br \/>\nC\u00e9dric Grolet, invit\u00e9 au mariage de Jeff Bezos,<\/a> r\u00e9guli\u00e8rement<br \/>\ncritiqu\u00e9 pour les prix \u00e9lev\u00e9s de ses cr\u00e9ations, mais ind\u00e9niablement<br \/>\ncouronn\u00e9 de succ\u00e8s. En pleine p\u00e9riode des f\u00eates, ce coup dur vient<br \/>\nrappeler que m\u00eame les contes peuvent parfois virer au<br \/>\ncauchemar.<\/p>\n<p><script async src=\"\/\/www.instagram.com\/embed.js\"><\/script><\/p>\n","protected":false},"excerpt":{"rendered":"\u00c0 quelques jours des f\u00eates, tout semblait pourtant sourire \u00e0 C\u00e9dric Grolet. Le chef p\u00e2tissier star des r\u00e9seaux&hellip;\n","protected":false},"author":2,"featured_media":630116,"comment_status":"","ping_status":"","sticky":false,"template":"","format":"standard","meta":{"footnotes":""},"categories":[1359],"tags":[21303,58,59,1011,27,70426,973],"class_list":{"0":"post-630115","1":"post","2":"type-post","3":"status-publish","4":"format-standard","5":"has-post-thumbnail","7":"category-people","8":"tag-buzz_nonli","9":"tag-divertissement","10":"tag-entertainment","11":"tag-fr","12":"tag-france","13":"tag-marfeel_news","14":"tag-people"},"share_on_mastodon":{"url":"https:\/\/pubeurope.com\/@fr\/115809237417503908","error":""},"_links":{"self":[{"href":"https:\/\/www.europesays.com\/fr\/wp-json\/wp\/v2\/posts\/630115","targetHints":{"allow":["GET"]}}],"collection":[{"href":"https:\/\/www.europesays.com\/fr\/wp-json\/wp\/v2\/posts"}],"about":[{"href":"https:\/\/www.europesays.com\/fr\/wp-json\/wp\/v2\/types\/post"}],"author":[{"embeddable":true,"href":"https:\/\/www.europesays.com\/fr\/wp-json\/wp\/v2\/users\/2"}],"replies":[{"embeddable":true,"href":"https:\/\/www.europesays.com\/fr\/wp-json\/wp\/v2\/comments?post=630115"}],"version-history":[{"count":0,"href":"https:\/\/www.europesays.com\/fr\/wp-json\/wp\/v2\/posts\/630115\/revisions"}],"wp:featuredmedia":[{"embeddable":true,"href":"https:\/\/www.europesays.com\/fr\/wp-json\/wp\/v2\/media\/630116"}],"wp:attachment":[{"href":"https:\/\/www.europesays.com\/fr\/wp-json\/wp\/v2\/media?parent=630115"}],"wp:term":[{"taxonomy":"category","embeddable":true,"href":"https:\/\/www.europesays.com\/fr\/wp-json\/wp\/v2\/categories?post=630115"},{"taxonomy":"post_tag","embeddable":true,"href":"https:\/\/www.europesays.com\/fr\/wp-json\/wp\/v2\/tags?post=630115"}],"curies":[{"name":"wp","href":"https:\/\/api.w.org\/{rel}","templated":true}]}}