{"id":630140,"date":"2025-12-30T15:44:13","date_gmt":"2025-12-30T15:44:13","guid":{"rendered":"https:\/\/www.europesays.com\/fr\/630140\/"},"modified":"2025-12-30T15:44:13","modified_gmt":"2025-12-30T15:44:13","slug":"quatre-detenus-condamnes-a-de-la-prison-ferme","status":"publish","type":"post","link":"https:\/\/www.europesays.com\/fr\/630140\/","title":{"rendered":"quatre d\u00e9tenus condamn\u00e9s \u00e0 de la prison ferme"},"content":{"rendered":"<p>Ils \u00e9taient huit d\u00e9tenus \u00e0 avoir \u00e9t\u00e9 extraits de la prison de La Talaudi\u00e8re, ce vendredi 26\u00a0d\u00e9cembre. Quatre pr\u00e9venus et quatre victimes. Forc\u00e9ment, le bleu des uniformes des escortes \u00e9tait bien sup\u00e9rieur aux robes noires des magistrats et avocats dans la salle d\u2019audience du tribunal de Saint-\u00c9tienne.<\/p>\n<p>Les faits jug\u00e9s remontent au mercredi 17\u00a0d\u00e9cembre, \u00e0 l\u2019occasion d\u2019une promenade dans la cour de la prison de La Talaudi\u00e8re, une dizaine de d\u00e9tenus s\u2019en prennent violemment \u00e0 d\u2019autres. Pourchass\u00e9es dans la cour, sans que les surveillants n\u2019interviennent, les quatre victimes subissent des coups durant&#8230;<\/p>\n","protected":false},"excerpt":{"rendered":"Ils \u00e9taient huit d\u00e9tenus \u00e0 avoir \u00e9t\u00e9 extraits de la prison de La Talaudi\u00e8re, ce vendredi 26\u00a0d\u00e9cembre. Quatre&hellip;\n","protected":false},"author":2,"featured_media":630141,"comment_status":"","ping_status":"","sticky":false,"template":"","format":"standard","meta":{"footnotes":""},"categories":[9653],"tags":[1111,11,2430,271,272,7539,1777,674,274,1011,27,3367,12,25,4001,7538],"class_list":{"0":"post-630140","1":"post","2":"type-post","3":"status-publish","4":"format-standard","5":"has-post-thumbnail","7":"category-saint-etienne","8":"tag-actu","9":"tag-actualites","10":"tag-auvergne-rhone-alpes","11":"tag-crime","12":"tag-delit-et-contravention","13":"tag-edition-loire-sud","14":"tag-eu","15":"tag-europe","16":"tag-faits-divers-justice","17":"tag-fr","18":"tag-france","19":"tag-loire","20":"tag-news","21":"tag-republique-francaise","22":"tag-saint-etienne","23":"tag-saint-etienne-ville"},"share_on_mastodon":{"url":"https:\/\/pubeurope.com\/@fr\/115809292397294762","error":""},"_links":{"self":[{"href":"https:\/\/www.europesays.com\/fr\/wp-json\/wp\/v2\/posts\/630140","targetHints":{"allow":["GET"]}}],"collection":[{"href":"https:\/\/www.europesays.com\/fr\/wp-json\/wp\/v2\/posts"}],"about":[{"href":"https:\/\/www.europesays.com\/fr\/wp-json\/wp\/v2\/types\/post"}],"author":[{"embeddable":true,"href":"https:\/\/www.europesays.com\/fr\/wp-json\/wp\/v2\/users\/2"}],"replies":[{"embeddable":true,"href":"https:\/\/www.europesays.com\/fr\/wp-json\/wp\/v2\/comments?post=630140"}],"version-history":[{"count":0,"href":"https:\/\/www.europesays.com\/fr\/wp-json\/wp\/v2\/posts\/630140\/revisions"}],"wp:featuredmedia":[{"embeddable":true,"href":"https:\/\/www.europesays.com\/fr\/wp-json\/wp\/v2\/media\/630141"}],"wp:attachment":[{"href":"https:\/\/www.europesays.com\/fr\/wp-json\/wp\/v2\/media?parent=630140"}],"wp:term":[{"taxonomy":"category","embeddable":true,"href":"https:\/\/www.europesays.com\/fr\/wp-json\/wp\/v2\/categories?post=630140"},{"taxonomy":"post_tag","embeddable":true,"href":"https:\/\/www.europesays.com\/fr\/wp-json\/wp\/v2\/tags?post=630140"}],"curies":[{"name":"wp","href":"https:\/\/api.w.org\/{rel}","templated":true}]}}