{"id":630142,"date":"2025-12-30T15:45:20","date_gmt":"2025-12-30T15:45:20","guid":{"rendered":"https:\/\/www.europesays.com\/fr\/630142\/"},"modified":"2025-12-30T15:45:20","modified_gmt":"2025-12-30T15:45:20","slug":"meteo-le-froid-est-arrive-des-conditions-de-circulation-difficiles-a-cause-du-verglas-dans-la-loire","status":"publish","type":"post","link":"https:\/\/www.europesays.com\/fr\/630142\/","title":{"rendered":"M\u00e9t\u00e9o. Le froid est arriv\u00e9, des conditions de circulation difficiles \u00e0 cause du verglas dans la Loire"},"content":{"rendered":"<p>Le grand froid annonc\u00e9 est bien pr\u00e9sent ce mardi 30\u00a0d\u00e9cembre dans la Loire et le redoux ne semble pas annonc\u00e9 pour tout de suite. Comme l\u2019indique le D\u00e9partement de la Loire via inforoute42.fr, la circulation est rendue d\u00e9licate sur l\u2019ensemble du r\u00e9seau routier en raison de la pr\u00e9sence de verglas. En particulier dans le Pilat.<\/p>\n<p>Cependant, des op\u00e9rations de traitement des chauss\u00e9es sont en cours et il est vivement conseill\u00e9 de rouler avec prudence ou de reporter son trajet dans la mesure du possible.<\/p>\n<p>Un accident \u00e0 Saint-\u00c9tienne<\/p>\n<p>\u00c0 Saint-\u00c9tienne, un accident s\u2019est produit rue des Alli\u00e9s dans le secteur de Ch\u00e2teaucreux. Le chauffeur d\u2019un bus, ne transportant aucun passager, a perdu le contr\u00f4le de son v\u00e9hicule et percut\u00e9 un mur, selon le Service d\u00e9partemental d\u2019incendie et de secours de la Loire. Les soldats du feu confirment que \u00ab <a href=\"https:\/\/www.leprogres.fr\/environnement\/2025\/12\/29\/le-froid-sera-polaire-pour-la-semaine-du-nouvel-an\" target=\"_blank\" rel=\"noopener\">les conditions m\u00e9t\u00e9orologiques sont difficiles<\/a> et rendent la chauss\u00e9e glissante\u00a0\u00bb.<\/p>\n<p>De nombreux automobilistes ont d\u00fb gratter vigoureusement leurs pares-brises dans le centre-ville, d\u2019autres, capot ouvert, ont d\u00fb faire appel \u00e0 des garagistes ou des connaissances pour recharger leurs batteries \u00e0 l\u2019aide de c\u00e2bles dans un froid glacial. Sans parler des pi\u00e9tons, avan\u00e7ant \u00e0 t\u00e2tons pour \u00e9viter la chute malgr\u00e9 la pr\u00e9sence de sel d\u00e9ploy\u00e9 par les services de la ville ou de commer\u00e7ants.<\/p>\n<p>  Renforcement des possibilit\u00e9s de mise \u00e0 l\u2019abri<\/p>\n<p>Si M\u00e9t\u00e9o France a plac\u00e9 le d\u00e9partement en vigilance jaune, le plan \u00ab\u00a0grand froid\u00a0\u00bb, lui, n\u2019est pas activ\u00e9 pour le moment par la pr\u00e9fecture de la Loire. Cependant, avec des temp\u00e9ratures qui devraient chuter jusqu\u2019\u00e0 -8\u00b0C dans la Loire le soir du r\u00e9veillon du mercredi 31\u00a0d\u00e9cembre, la pr\u00e9fecture de la Loire a d\u00e9cid\u00e9 de renforcer les possibilit\u00e9s de mise \u00e0 l\u2019abri.<\/p>\n<p>Au vu des temp\u00e9ratures nocturnes annonc\u00e9es les prochains jours, deux accueils de jour, un \u00e0 Saint-\u00c9tienne et un \u00e0 Roanne, seront ouverts exceptionnellement pendant la nuit \u00e0 hauteur de 10 et 5 places, du 29\u00a0d\u00e9cembre 2025 au soir au jeudi 1\u1d49\u02b3 janvier au matin.<\/p>\n<p>De plus, sur ses r\u00e9seaux sociaux, la pr\u00e9fecture lig\u00e9rienne indique que \u00ab\u00a0la grisaille et les brouillards givrants sur Saint-Etienne et la plaine du Forez marquent une journ\u00e9e hivernale, avec des temp\u00e9ratures nettement inf\u00e9rieures aux normales de saison\u00a0\u00bb. Avant d&rsquo;ajouter\u00a0: \u00ab\u00a0Ce mardi apr\u00e8s-midi, le froid vif sera accentu\u00e9 par des rafales de vent pouvant atteindre 65 km\/h sur les hauteurs des monts du Pilat\u00a0\u00bb. Quelques flocons restent possibles jusqu&rsquo;\u00e0 15 heures.<\/p>\n<p>Demain mercredi 31 d\u00e9cembre, apr\u00e8s un r\u00e9veil glacial (minimales comprises entre &#8211; 5\u00b0C et &#8211; 9\u00b0C), le soleil devrait s&rsquo;imposer. Mais les temp\u00e9ratures devraient peiner \u00e0 franchir la barre de 1\u00b0C au plus fort de la journ\u00e9e.<\/p>\n<p class=\"note\">Tout citoyen t\u00e9moin d&rsquo;une personne en situation de d\u00e9tresse sur la voie publique est invit\u00e9 \u00e0 contacter le 115.<\/p>\n","protected":false},"excerpt":{"rendered":"Le grand froid annonc\u00e9 est bien pr\u00e9sent ce mardi 30\u00a0d\u00e9cembre dans la Loire et le redoux ne semble&hellip;\n","protected":false},"author":2,"featured_media":630143,"comment_status":"","ping_status":"","sticky":false,"template":"","format":"standard","meta":{"footnotes":""},"categories":[9653],"tags":[1111,11,2430,7539,436,1777,674,274,107,1011,27,3367,8423,12,25,4001,7538,104],"class_list":{"0":"post-630142","1":"post","2":"type-post","3":"status-publish","4":"format-standard","5":"has-post-thumbnail","7":"category-saint-etienne","8":"tag-actu","9":"tag-actualites","10":"tag-auvergne-rhone-alpes","11":"tag-edition-loire-sud","12":"tag-environnement","13":"tag-eu","14":"tag-europe","15":"tag-faits-divers-justice","16":"tag-fil-info","17":"tag-fr","18":"tag-france","19":"tag-loire","20":"tag-meteorologie-climat","21":"tag-news","22":"tag-republique-francaise","23":"tag-saint-etienne","24":"tag-saint-etienne-ville","25":"tag-societe"},"share_on_mastodon":{"url":"https:\/\/pubeurope.com\/@fr\/115809296278984125","error":""},"_links":{"self":[{"href":"https:\/\/www.europesays.com\/fr\/wp-json\/wp\/v2\/posts\/630142","targetHints":{"allow":["GET"]}}],"collection":[{"href":"https:\/\/www.europesays.com\/fr\/wp-json\/wp\/v2\/posts"}],"about":[{"href":"https:\/\/www.europesays.com\/fr\/wp-json\/wp\/v2\/types\/post"}],"author":[{"embeddable":true,"href":"https:\/\/www.europesays.com\/fr\/wp-json\/wp\/v2\/users\/2"}],"replies":[{"embeddable":true,"href":"https:\/\/www.europesays.com\/fr\/wp-json\/wp\/v2\/comments?post=630142"}],"version-history":[{"count":0,"href":"https:\/\/www.europesays.com\/fr\/wp-json\/wp\/v2\/posts\/630142\/revisions"}],"wp:featuredmedia":[{"embeddable":true,"href":"https:\/\/www.europesays.com\/fr\/wp-json\/wp\/v2\/media\/630143"}],"wp:attachment":[{"href":"https:\/\/www.europesays.com\/fr\/wp-json\/wp\/v2\/media?parent=630142"}],"wp:term":[{"taxonomy":"category","embeddable":true,"href":"https:\/\/www.europesays.com\/fr\/wp-json\/wp\/v2\/categories?post=630142"},{"taxonomy":"post_tag","embeddable":true,"href":"https:\/\/www.europesays.com\/fr\/wp-json\/wp\/v2\/tags?post=630142"}],"curies":[{"name":"wp","href":"https:\/\/api.w.org\/{rel}","templated":true}]}}