{"id":630185,"date":"2025-12-30T16:11:09","date_gmt":"2025-12-30T16:11:09","guid":{"rendered":"https:\/\/www.europesays.com\/fr\/630185\/"},"modified":"2025-12-30T16:11:09","modified_gmt":"2025-12-30T16:11:09","slug":"lidentite-de-la-victime-est-connue","status":"publish","type":"post","link":"https:\/\/www.europesays.com\/fr\/630185\/","title":{"rendered":"l&rsquo;identit\u00e9 de la victime est connue"},"content":{"rendered":"<p>                    Par<br \/>\n        <strong><br \/>\n            <a href=\"https:\/\/actu.fr\/auteur\/fabien-binacchi\" title=\"Consulter tous les articles de Fabien Binacchi\" target=\"_blank\" rel=\"noopener\">Fabien Binacchi<\/a><br \/>\n                    <\/strong><\/p>\n<p>        Publi\u00e9 le<\/p>\n<p>            30 d\u00e9c. 2025 \u00e0 15h58        <\/p>\n<p>Apr\u00e8s le choc, le temps des premi\u00e8res r\u00e9ponses. L\u2019identit\u00e9 de l\u2019homme retrouv\u00e9 mort le dimanche 28\u00a0d\u00e9cembre 2025, dans les eaux du <a href=\"https:\/\/actu.fr\/provence-alpes-cote-d-azur\/marseille_13055\/marseille-je-n-ai-jamais-vu-autant-d-annulations-sur-les-iles-du-frioul-les-commercants-sont-a-bout_63067055.html\" target=\"_blank\" rel=\"noopener\">port du Frioul,<\/a> au large de <a href=\"https:\/\/actu.fr\/marseille\/\" target=\"_blank\" rel=\"noopener\">Marseille,<\/a> a \u00e9t\u00e9 formellement \u00e9tablie. Alors que l\u2019enqu\u00eate va se poursuivre et qu\u2019<strong>une autopsie a \u00e9t\u00e9 ordonn\u00e9e<\/strong> pour d\u00e9terminer les circonstances exactes de son d\u00e9c\u00e8s, la raison de sa pr\u00e9sence dans l\u2019archipel a \u00e9galement \u00e9t\u00e9 fix\u00e9e. Voici tout ce que l\u2019on sait \u00e0 ce stade.<\/p>\n<p>Il \u00ab\u2009retapait un bateau\u2009\u00bb<\/p>\n<p class=\" wall-content\">La victime a \u00e9t\u00e9 identifi\u00e9e. Le cadavre d\u00e9couvert flottant dans le port du Frioul (7e arrondissement) est <strong>un homme \u00e2g\u00e9 de 47\u00a0ans,<\/strong> pr\u00e9cise le parquet de Marseille. Et s\u2019il se trouvait l\u00e0 c\u2019est tout simplement parce qu\u2019il y s\u00e9journait, sur un bateau amarr\u00e9 sur place.<\/p>\n<p>    <a href=\"https:\/\/www.google.com\/maps\/embed?pb=!1m18!1m12!1m3!1d2723.10532173272!2d5.305134811492646!3d43.27979657100187!2m3!1f0!2f0!3f0!3m2!1i1024!2i768!4f13.1!3m3!1m2!1s0x12c9c4016748ee89%3A0x85f5cb51241737c5!2sPort%20du%20Frioul!5e1!3m2!1sfr!2sfr!4v1767106000550!5m2!1sfr!2sfr\" title=\"Ouvrie le lien\" target=\"_blank\" rel=\"noopener\">Cliquez ici pour visualiser le contenu<\/a><\/p>\n<p class=\" wall-content\">\u00ab\u2009Il \u00e9tait en train de l\u2019acheter et de le retaper avec pour projet de <strong>partir avec, dans le Var,<\/strong> pour y vivre\u2009\u00bb, indique une source proche de l\u2019enqu\u00eate.<\/p>\n<p>Pas de nouvelles depuis pr\u00e8s d\u2019une semaine<\/p>\n<p class=\" wall-content\">Reste \u00e0 savoir depuis quand le malheureux gisait dans les eaux du port du Frioul\u2009? Pour l\u2019instant, il n\u2019y a aucune certitude. Le parquet de Marseille indique \u00e0 notre r\u00e9daction qu\u2019une autopsie, qui n\u2019avait \u00ab\u2009pas encore eu lieu\u2009\u00bb ce mardi, \u00ab\u2009devrait permettre de dater la mort de la victime\u2009\u00bb avec pr\u00e9cision. Les conclusions devraient \u00eatre connues dans les jours \u00e0 venir.<\/p>\n<p class=\" wall-content\">En tout cas, \u00ab\u2009son ex-femme, <strong>inqui\u00e8te de ne plus avoir de nouvelles,<\/strong> avait appel\u00e9 la capitainerie quelques jours avant No\u00ebl\u2009\u00bb, pr\u00e9cise-t-on encore. Son d\u00e9c\u00e8s pourrait donc remonter \u00e0 pr\u00e8s d\u2019une semaine avant la d\u00e9couverte du cadavre.<\/p>\n<p>Pas de trace de coups<\/p>\n<p class=\" wall-content\">L\u2019examen approfondi du corps permettra surtout de d\u00e9finir ce qui a caus\u00e9 la perte de ce quinquag\u00e9naire. Une enqu\u00eate est ouverte pour <strong>\u00ab\u2009recherche des causes de la mort\u2009\u00bb.<\/strong><\/p>\n<p>Votre r\u00e9gion, votre actu !<\/p>\n<p>Recevez chaque jour les infos qui comptent pour vous.<\/p>\n<p>\t<a href=\"https:\/\/actu.fr\/newsletter\" class=\"ac-btn ac-btn--corner ac-btn--medium ac-btn--blue800\" target=\"_blank\" rel=\"noopener\">S&rsquo;incrire<\/a><\/p>\n<p class=\" wall-content\">Un accident \u00e0 l\u2019occasion des travaux qu\u2019il menait\u2009? L\u2019intervention d\u2019un tiers\u2009? \u00c0 ce stade, <strong>toutes les pistes sont envisageables<\/strong> m\u00eame si, selon les premi\u00e8res constatations, \u00ab\u2009il n\u2019y avait aucune trace de coups\u2009\u00bb, indique \u00e9galement le parquet.<\/p>\n<p class=\" wall-content\">Personnalisez votre actualit\u00e9 en ajoutant vos villes et m\u00e9dias en favori avec <a href=\"https:\/\/moncompte.actu.fr\" title=\"D\u00e9couvez Mon Actu\" rel=\"nofollow noopener\" data-trk=\"{&quot;cta&quot;:{&quot;action&quot;:&quot;https:\\\/\\\/moncompte.actu.fr&quot;,&quot;category&quot;:&quot;mon compte&quot;,&quot;from&quot;:&quot;article footer&quot;,&quot;name&quot;:&quot;Mon actu&quot;,&quot;type&quot;:&quot;cta&quot;}}\" target=\"_blank\">Mon Actu<\/a>.<\/p>\n","protected":false},"excerpt":{"rendered":"Par Fabien Binacchi Publi\u00e9 le 30 d\u00e9c. 2025 \u00e0 15h58 Apr\u00e8s le choc, le temps des premi\u00e8res r\u00e9ponses.&hellip;\n","protected":false},"author":2,"featured_media":627459,"comment_status":"","ping_status":"","sticky":false,"template":"","format":"standard","meta":{"footnotes":""},"categories":[2814],"tags":[1111,11,1777,674,118,1011,27,884,12,1072,882,25],"class_list":{"0":"post-630185","1":"post","2":"type-post","3":"status-publish","4":"format-standard","5":"has-post-thumbnail","7":"category-marseille","8":"tag-actu","9":"tag-actualites","10":"tag-eu","11":"tag-europe","12":"tag-faits-divers","13":"tag-fr","14":"tag-france","15":"tag-marseille","16":"tag-news","17":"tag-police","18":"tag-provence-alpes-cote-dazur","19":"tag-republique-francaise"},"share_on_mastodon":{"url":"https:\/\/pubeurope.com\/@fr\/115809398546829157","error":""},"_links":{"self":[{"href":"https:\/\/www.europesays.com\/fr\/wp-json\/wp\/v2\/posts\/630185","targetHints":{"allow":["GET"]}}],"collection":[{"href":"https:\/\/www.europesays.com\/fr\/wp-json\/wp\/v2\/posts"}],"about":[{"href":"https:\/\/www.europesays.com\/fr\/wp-json\/wp\/v2\/types\/post"}],"author":[{"embeddable":true,"href":"https:\/\/www.europesays.com\/fr\/wp-json\/wp\/v2\/users\/2"}],"replies":[{"embeddable":true,"href":"https:\/\/www.europesays.com\/fr\/wp-json\/wp\/v2\/comments?post=630185"}],"version-history":[{"count":0,"href":"https:\/\/www.europesays.com\/fr\/wp-json\/wp\/v2\/posts\/630185\/revisions"}],"wp:featuredmedia":[{"embeddable":true,"href":"https:\/\/www.europesays.com\/fr\/wp-json\/wp\/v2\/media\/627459"}],"wp:attachment":[{"href":"https:\/\/www.europesays.com\/fr\/wp-json\/wp\/v2\/media?parent=630185"}],"wp:term":[{"taxonomy":"category","embeddable":true,"href":"https:\/\/www.europesays.com\/fr\/wp-json\/wp\/v2\/categories?post=630185"},{"taxonomy":"post_tag","embeddable":true,"href":"https:\/\/www.europesays.com\/fr\/wp-json\/wp\/v2\/tags?post=630185"}],"curies":[{"name":"wp","href":"https:\/\/api.w.org\/{rel}","templated":true}]}}