{"id":630186,"date":"2025-12-30T16:12:11","date_gmt":"2025-12-30T16:12:11","guid":{"rendered":"https:\/\/www.europesays.com\/fr\/630186\/"},"modified":"2025-12-30T16:12:11","modified_gmt":"2025-12-30T16:12:11","slug":"lyon-des-mesures-de-securite-preventives-pour-le-31-decembre","status":"publish","type":"post","link":"https:\/\/www.europesays.com\/fr\/630186\/","title":{"rendered":"Lyon : des mesures de s\u00e9curit\u00e9 pr\u00e9ventives pour le 31 d\u00e9cembre"},"content":{"rendered":"<p>En pr\u00e9vision du passage \u00e0 2026, et pour limiter les troubles \u00e0 l&rsquo;ordre public, la pr\u00e9fecture du Rh\u00f4ne a pris des mesures de s\u00e9curit\u00e9 pr\u00e9ventives.<\/p>\n<p>C&rsquo;est l&rsquo;objectif des autorit\u00e9s chaque ann\u00e9e : que le Nouvel An soit le plus calme possible.\u00a0<\/p>\n<p>Dans ce cadre la pr\u00e9f\u00e8te du Rh\u00f4ne, <b>Fabienne Buccio,<\/b> a pris des mesures pr\u00e9ventives pour assurer la s\u00e9curit\u00e9, du 31 d\u00e9cembre 2024 au 1er janvier 2025.<\/p>\n<p>Seront interdits dans l&rsquo;ensemble du d\u00e9partement :<br \/>\u2022 la consommation en r\u00e9union de boissons alcoolis\u00e9es sur la voie publique en dehors<\/p>\n<p>des lieux r\u00e9serv\u00e9s \u00e0 cet effet ;<\/p>\n<p>\u2022 la <b>vente d&rsquo;alcool \u00e0 emporter,<\/b> \u00e0 partir de 20h ;<\/p>\n<p>\u2022 la d\u00e9tention, le transport et la vente de carburant en r\u00e9cipient portable.<\/p>\n<p>Du 30 d\u00e9cembre 2025 au 3 janvier 2025, seront interdits sur l&rsquo;ensemble du d\u00e9partement : l&rsquo;achat, la vente, la d\u00e9tention, le transport et l&rsquo;usage d&rsquo;artifices et autres articles<br \/>pyrotechniques par les particuliers sur la voie publique.<\/p>\n<p>Vigilance autour du protoxyde d&rsquo;azote ou \u00ab\u00a0gaz hilarant\u00a0\u00bb<\/p>\n<p>Pour rappel, <b>la d\u00e9tention, le port, le transport, l&rsquo;utilisation et la consommation de protoxyde d&rsquo;azote<\/b>, sous quelque forme que ce soit, \u00e0 des fins r\u00e9cr\u00e9atives d\u00e9tourn\u00e9es, sont interdits sur l&rsquo;ensemble des voies et espaces publics du d\u00e9partement du Rh\u00f4ne du 19 d\u00e9cembre 2025 jusqu&rsquo;au 19 juin 2026 inclus.\u00a0<\/p>\n<p>Le d\u00e9p\u00f4t ou l&rsquo;abandon sur la voie publique ou sur l&rsquo;espace public est \u00e9galement interdit.<\/p>\n<p>Prudence aussi au volant si vous devez conduire apr\u00e8s le R\u00e9veillon. \u00ab\u00a0Dans le Rh\u00f4ne, 66 personnes ont perdu la vie en 2025 dans un accident provoqu\u00e9 \u00e0 48 % par une vitesse excessive ou inadapt\u00e9e, \u00e0 29 % par la conduite en \u00e9tat d&rsquo;ivresse, \u00e0 17 % par la prise de stup\u00e9fiants\u00a0\u00bb, rappelle la pr\u00e9fecture.<\/p>\n<p><img loading=\"lazy\" decoding=\"async\" src=\"https:\/\/www.europesays.com\/fr\/wp-content\/uploads\/2025\/12\/1767111131_221_img.png\" width=\"350\" height=\"200\" border=\"0\" title=\"Les pompiers ont \u00c3\u00a9t\u00c3\u00a9 engag\u00c3\u00a9s sur un accident mortel sur la M7, \u00c3\u00a0 Lyon.\"\/><\/p>\n<p>\u25baFaits divers<\/p>\n<p style=\"font-size: 22px;\"><b>Accident mortel sur la M7 \u00e0 Lyon : du protoxyde d&rsquo;azote retrouv\u00e9 dans le v\u00e9hicule en cause<\/b><\/p>\n<p>Un grave accident est survenu ce lundi 29 d\u00e9cembre,&#8230;<\/p>\n<p><\/p>\n","protected":false},"excerpt":{"rendered":"En pr\u00e9vision du passage \u00e0 2026, et pour limiter les troubles \u00e0 l&rsquo;ordre public, la pr\u00e9fecture du Rh\u00f4ne&hellip;\n","protected":false},"author":2,"featured_media":328764,"comment_status":"","ping_status":"","sticky":false,"template":"","format":"standard","meta":{"footnotes":""},"categories":[1889],"tags":[5734,72173,1111,11,2430,1777,674,9846,1011,27,2428,12,39117,73919,73918,25,9844,315],"class_list":{"0":"post-630186","1":"post","2":"type-post","3":"status-publish","4":"format-standard","5":"has-post-thumbnail","7":"category-lyon","8":"tag-5734","9":"tag-31-dcembre","10":"tag-actu","11":"tag-actualites","12":"tag-auvergne-rhone-alpes","13":"tag-eu","14":"tag-europe","15":"tag-fabienne-buccio","16":"tag-fr","17":"tag-france","18":"tag-lyon","19":"tag-news","20":"tag-nouvel-an","21":"tag-prfte","22":"tag-rveillon","23":"tag-republique-francaise","24":"tag-rhne","25":"tag-scurit"},"share_on_mastodon":{"url":"https:\/\/pubeurope.com\/@fr\/115809402525214180","error":""},"_links":{"self":[{"href":"https:\/\/www.europesays.com\/fr\/wp-json\/wp\/v2\/posts\/630186","targetHints":{"allow":["GET"]}}],"collection":[{"href":"https:\/\/www.europesays.com\/fr\/wp-json\/wp\/v2\/posts"}],"about":[{"href":"https:\/\/www.europesays.com\/fr\/wp-json\/wp\/v2\/types\/post"}],"author":[{"embeddable":true,"href":"https:\/\/www.europesays.com\/fr\/wp-json\/wp\/v2\/users\/2"}],"replies":[{"embeddable":true,"href":"https:\/\/www.europesays.com\/fr\/wp-json\/wp\/v2\/comments?post=630186"}],"version-history":[{"count":0,"href":"https:\/\/www.europesays.com\/fr\/wp-json\/wp\/v2\/posts\/630186\/revisions"}],"wp:featuredmedia":[{"embeddable":true,"href":"https:\/\/www.europesays.com\/fr\/wp-json\/wp\/v2\/media\/328764"}],"wp:attachment":[{"href":"https:\/\/www.europesays.com\/fr\/wp-json\/wp\/v2\/media?parent=630186"}],"wp:term":[{"taxonomy":"category","embeddable":true,"href":"https:\/\/www.europesays.com\/fr\/wp-json\/wp\/v2\/categories?post=630186"},{"taxonomy":"post_tag","embeddable":true,"href":"https:\/\/www.europesays.com\/fr\/wp-json\/wp\/v2\/tags?post=630186"}],"curies":[{"name":"wp","href":"https:\/\/api.w.org\/{rel}","templated":true}]}}