{"id":630187,"date":"2025-12-30T16:13:16","date_gmt":"2025-12-30T16:13:16","guid":{"rendered":"https:\/\/www.europesays.com\/fr\/630187\/"},"modified":"2025-12-30T16:13:16","modified_gmt":"2025-12-30T16:13:16","slug":"lyon-le-neuvieme-art-nomme-8eme-restaurant-le-plus-impressionnant-pour-un-dejeuner-daffaires","status":"publish","type":"post","link":"https:\/\/www.europesays.com\/fr\/630187\/","title":{"rendered":"Lyon : le Neuvi\u00e8me art nomm\u00e9 8\u00e8me restaurant le plus impressionnant pour un d\u00e9jeuner d&rsquo;affaires"},"content":{"rendered":"<p class=\"content\" style=\"font-size:1.2em;font-weight:700\">L&rsquo;\u00e9tablissement a \u00e9t\u00e9 r\u00e9compens\u00e9 pour sa cuisine \u00ab\u00a0cr\u00e9ative et savoureuse\u00a0\u00bb ainsi que son menu d\u00e9gustation selon ce classement r\u00e9alis\u00e9 par Sixt Business.<\/p>\n<p>Situ\u00e9 dans le sixi\u00e8me arrondissement de Lyon, le restaurant le Neuvi\u00e8me Art se classe \u00e0 la huiti\u00e8me place des lieux les plus impressionnants pour un d\u00e9jeuner d&rsquo;affaires selon Sixt Business. L&rsquo;\u00e9tablissement a \u00e9t\u00e9 s\u00e9lectionn\u00e9 pour \u00ab\u00a0l&rsquo;excellence de sa table\u00a0\u00bb ainsi que \u00ab\u00a0sa cuisine cr\u00e9ative, color\u00e9e et savoureuse\u00a0\u00bb et r\u00e9colte une note de 9,7. Son menu d\u00e9gustation au prix moyen de 195 euros est consid\u00e9r\u00e9 comme \u00ab\u00a0un choix id\u00e9al pour marquer les esprits et impressionner durablement vos clients\u00a0\u00bb, explique le communiqu\u00e9 de presse. A noter qu&rsquo;un autre restaurant lyonnais se classe 14\u00e8me, il s&rsquo;agit de L&rsquo;Etage, situ\u00e9 place des Terreaux (1er arrondissement).<\/p>\n<p>La Rotonde de Nice sacr\u00e9 lieu le plus impressionnant<\/p>\n<p>La couronne revient \u00e0 La Rotonde \u00e0 Nice, suivie par La Romantica situ\u00e9e \u00e0 Clichy. A noter que pour \u00e9tablir ce classement, Sixt Business s&rsquo;est bas\u00e9 sur les restaurants les mieux not\u00e9s dans les villes les plus peupl\u00e9es de France, en filtrant ceux comptant plus de 500 avis, indiqu\u00e9s comme \u00ab\u00a0belle vue\u00a0\u00bb et \u00ab\u00a0id\u00e9al pour un d\u00e9jeuner d\u2019affaires\u00a0\u00bb, avec un prix moyen de menu \u00e0 partir de 50 \u20ac selon les chiffres de The Fork. En outre, le temps de trajet en voiture depuis le centre-ville via Google Maps, le volume de recherches pour chaque restaurant, ainsi que leur nombre d\u2019abonn\u00e9s sur Instagram ont \u00e9t\u00e9 \u00e9galement pris en compte. <\/p>\n","protected":false},"excerpt":{"rendered":"L&rsquo;\u00e9tablissement a \u00e9t\u00e9 r\u00e9compens\u00e9 pour sa cuisine \u00ab\u00a0cr\u00e9ative et savoureuse\u00a0\u00bb ainsi que son menu d\u00e9gustation selon ce classement&hellip;\n","protected":false},"author":2,"featured_media":630188,"comment_status":"","ping_status":"","sticky":false,"template":"","format":"standard","meta":{"footnotes":""},"categories":[1889],"tags":[1111,11,2430,1777,674,1011,27,2428,12,25],"class_list":{"0":"post-630187","1":"post","2":"type-post","3":"status-publish","4":"format-standard","5":"has-post-thumbnail","7":"category-lyon","8":"tag-actu","9":"tag-actualites","10":"tag-auvergne-rhone-alpes","11":"tag-eu","12":"tag-europe","13":"tag-fr","14":"tag-france","15":"tag-lyon","16":"tag-news","17":"tag-republique-francaise"},"share_on_mastodon":{"url":"https:\/\/pubeurope.com\/@fr\/115809406314376122","error":""},"_links":{"self":[{"href":"https:\/\/www.europesays.com\/fr\/wp-json\/wp\/v2\/posts\/630187","targetHints":{"allow":["GET"]}}],"collection":[{"href":"https:\/\/www.europesays.com\/fr\/wp-json\/wp\/v2\/posts"}],"about":[{"href":"https:\/\/www.europesays.com\/fr\/wp-json\/wp\/v2\/types\/post"}],"author":[{"embeddable":true,"href":"https:\/\/www.europesays.com\/fr\/wp-json\/wp\/v2\/users\/2"}],"replies":[{"embeddable":true,"href":"https:\/\/www.europesays.com\/fr\/wp-json\/wp\/v2\/comments?post=630187"}],"version-history":[{"count":0,"href":"https:\/\/www.europesays.com\/fr\/wp-json\/wp\/v2\/posts\/630187\/revisions"}],"wp:featuredmedia":[{"embeddable":true,"href":"https:\/\/www.europesays.com\/fr\/wp-json\/wp\/v2\/media\/630188"}],"wp:attachment":[{"href":"https:\/\/www.europesays.com\/fr\/wp-json\/wp\/v2\/media?parent=630187"}],"wp:term":[{"taxonomy":"category","embeddable":true,"href":"https:\/\/www.europesays.com\/fr\/wp-json\/wp\/v2\/categories?post=630187"},{"taxonomy":"post_tag","embeddable":true,"href":"https:\/\/www.europesays.com\/fr\/wp-json\/wp\/v2\/tags?post=630187"}],"curies":[{"name":"wp","href":"https:\/\/api.w.org\/{rel}","templated":true}]}}